{"id":2186,"date":"2020-05-01T22:11:36","date_gmt":"2020-05-01T20:11:36","guid":{"rendered":"https:\/\/www.rentner-news.de\/?p=2186"},"modified":"2020-05-24T01:24:53","modified_gmt":"2020-05-23T23:24:53","slug":"senioren-wg-gemeinsam-wohnen-im-alter","status":"publish","type":"post","link":"https:\/\/www.rentner-news.de\/index.php\/2020\/05\/01\/senioren-wg-gemeinsam-wohnen-im-alter\/","title":{"rendered":"Senioren WG &#8211; Gemeinsam wohnen im Alter"},"content":{"rendered":"<h2>Senioren WG &#8211; Gemeinsam wohnen im Alter<\/h2>\n<p>Wer m\u00f6chte schon im Alter alleine <a href=\"https:\/\/www.rentner-news.de\/index.php\/2026\/01\/08\/wenn-die-rente-knapp-ist-bezahlbarer-wohnraum-fuer-senioren-zwischen-anspruch-und-realitaet\/\">wohnen<\/a>? In den letzten zwei Jahrzehnten haben sich viele Leute Gedanken dar\u00fcber gemacht. Und doch so einige Leute haben es gewagt, Mehrgenerationenh\u00e4user, eine Senioren WG oder eine Plus-WG zu er\u00f6ffnen.<\/p>\n<p><strong>Hier gilt:<\/strong> es gibt alles. Es hat sich jedoch herauskristallisiert, dass viele Singles schon als 50plus-WG beginnen. Sie sind noch aktiv, fit und unternehmungslustig. Diese gemeinsamen Unternehmungen sind denn auch ein Hauptgrund der WG-Gr\u00fcndung.<\/p>\n<p>Aber auch viele \u00c4ltere wagen Neues. Entweder ziehen sie in Mehrgenerationsh\u00e4user ein und bieten dort besonders der j\u00fcngsten Generation ein freundliches Gegen\u00fcber.<\/p>\n<p>&nbsp;<\/p>\n<h3><strong>Aber: wie l\u00e4sst sich seniorengerechtes Wohnen hier realisieren?<\/strong><\/h3>\n<p>Oder aber fit gebliebene Senioren schlie\u00dfen sich zu einer Senioren WG zusammen. Dabei muss nat\u00fcrlich Einiges bedacht werden. Zu allererst muss ein Haus oder eine ger\u00e4umige <a href=\"https:\/\/www.rentner-news.de\/index.php\/2020\/04\/30\/die-besten-seniorenseiten-im-internet\/\">Wohnung<\/a> gefunden werden, das tats\u00e4chlich zu den gemeinsam festgelegten Anspr\u00fcchen passt.<\/p>\n<p>Dazu muss man sich selbst und auch anderen gegen\u00fcber vollkommen ehrlich sein, wie nah man t\u00e4glich die anderen an sich heranlassen m\u00f6chte.<\/p>\n<p>Klappt das mit der st\u00e4ndigen gemeinsamen K\u00fcchennutzung in der Senioren WG? Oder m\u00f6chte man eigentlich auch seine eigene kleine K\u00fcchenzeile haben, damit man mal ruhig f\u00fcr sich sein kann? Was erwartet sich jeder der Anw\u00e4rter von der Senioren WG? Wie viel Gemeinschaft, Freiheit, praktische Pflichten, was genau an \u201aFreundschaftsdiensten\u2018? Nimmt man Angebote von au\u00dfen an, wie beispielsweise Anleitung zur gemeinsamen Gymnastik f\u00fcr Senioren? Wie viel Gespr\u00e4chsbedarf hat man?<\/p>\n<p>All diese Dinge sollte man \u2013 wenn m\u00f6glich \u2013 ruhig mal mit Vertrauten oder aber mit einer Sozialarbeiterin, einem Pastor durchsprechen. Um Klarheit zu bekommen. Denn wer in eine Senioren WG einzieht, geht eine Verpflichtung ein. Aus dem <a href=\"https:\/\/www.rentner-news.de\/index.php\/2020\/04\/29\/steuertipps-fuer-rentner-damit-von-der-unter-miete-noch-etwas-uebrig-bleibt\/\">Mietvertrag<\/a> wieder auszusteigen, hei\u00dft die anderen mit der Suche nach einem geeigneten Nachmieter allein zu lassen.<\/p>\n<p>Gescheiterte Senioren WG Projekte gibt es durchaus. Und man sollte aus ihnen lernen. So ganz ohne Hilfe von au\u00dfen ist der pl\u00f6tzliche Umstieg vom v\u00f6llig selbst\u00e4ndigen Leben alleine hin zum m\u00f6glichst noch harmonischen Gemeinschaftsleben sicherlich nicht zu bew\u00e4ltigen.<\/p>\n<p>Aber es gibt auch Mut machende Projekte und genau nach denen sollte man sich erkundigen und sich dort einmal umschauen. Literatur zum Thema ist ebenfalls nicht zu untersch\u00e4tzen und regt die Diskussion an.<\/p>\n<p>&nbsp;<\/p>\n","protected":false},"excerpt":{"rendered":"<div class=\"mh-excerpt\"><p>Senioren WG &#8211; Gemeinsam wohnen im Alter Wer m\u00f6chte schon im Alter alleine wohnen? In den letzten zwei Jahrzehnten haben sich viele Leute Gedanken dar\u00fcber gemacht. Und doch so einige Leute haben es gewagt, Mehrgenerationenh\u00e4user, <a class=\"mh-excerpt-more\" href=\"https:\/\/www.rentner-news.de\/index.php\/2020\/05\/01\/senioren-wg-gemeinsam-wohnen-im-alter\/\" title=\"Senioren WG &#8211; Gemeinsam wohnen im Alter\">[hier geht\u00b4s weiter&#8230;]<\/a><\/p>\n<\/div>","protected":false},"author":7,"featured_media":2181,"comment_status":"closed","ping_status":"open","sticky":false,"template":"","format":"standard","meta":{"_bbp_topic_count":0,"_bbp_reply_count":0,"_bbp_total_topic_count":0,"_bbp_total_reply_count":0,"_bbp_voice_count":0,"_bbp_anonymous_reply_count":0,"_bbp_topic_count_hidden":0,"_bbp_reply_count_hidden":0,"_bbp_forum_subforum_count":0,"_monsterinsights_skip_tracking":false,"_monsterinsights_sitenote_active":false,"_monsterinsights_sitenote_note":"","_monsterinsights_sitenote_category":0,"footnotes":""},"categories":[572,573,570,571],"tags":[623,202,416],"class_list":{"0":"post-2186","1":"post","2":"type-post","3":"status-publish","4":"format-standard","5":"has-post-thumbnail","7":"category-gemeinschaft","8":"category-seniorenheim","9":"category-wohnen","10":"category-wohnung-haus-rentner","11":"tag-senioren","12":"tag-wohnen","13":"tag-wohnung"},"yoast_head":"<!-- This site is optimized with the Yoast SEO plugin v27.2 - https:\/\/yoast.com\/product\/yoast-seo-wordpress\/ -->\n<title>Senioren WG - Gemeinsam wohnen im Alter - Wohngemeinschaften<\/title>\n<meta name=\"description\" content=\"Wer m\u00f6chte schon im Alter alleine wohnen? In den letzten zwei Jahrzehnten haben sich viele Leute dar\u00fcber Gedanken gemacht. Wir berichten!\" \/>\n<meta name=\"robots\" content=\"index, follow, max-snippet:-1, max-image-preview:large, max-video-preview:-1\" \/>\n<link rel=\"canonical\" href=\"https:\/\/www.rentner-news.de\/index.php\/2020\/05\/01\/senioren-wg-gemeinsam-wohnen-im-alter\/\" \/>\n<meta property=\"og:locale\" content=\"de_DE\" \/>\n<meta property=\"og:type\" content=\"article\" \/>\n<meta property=\"og:title\" content=\"Senioren WG - Gemeinsam wohnen im Alter - Wohngemeinschaften\" \/>\n<meta property=\"og:description\" content=\"Wer m\u00f6chte schon im Alter alleine wohnen? In den letzten zwei Jahrzehnten haben sich viele Leute dar\u00fcber Gedanken gemacht. Wir berichten!\" \/>\n<meta property=\"og:url\" content=\"https:\/\/www.rentner-news.de\/index.php\/2020\/05\/01\/senioren-wg-gemeinsam-wohnen-im-alter\/\" \/>\n<meta property=\"og:site_name\" content=\"Rentner-News.de - 50 Plus Best Ager Senioren Nachrichten Tipps, Wissen,\" \/>\n<meta property=\"article:published_time\" content=\"2020-05-01T20:11:36+00:00\" \/>\n<meta property=\"article:modified_time\" content=\"2020-05-23T23:24:53+00:00\" \/>\n<meta property=\"og:image\" content=\"https:\/\/www.rentner-news.de\/wp-content\/uploads\/2020\/05\/cake-4447031_960_720.jpg\" \/>\n\t<meta property=\"og:image:width\" content=\"960\" \/>\n\t<meta property=\"og:image:height\" content=\"556\" \/>\n\t<meta property=\"og:image:type\" content=\"image\/jpeg\" \/>\n<meta name=\"author\" content=\"RentnerNews Redaktion\" \/>\n<meta name=\"twitter:card\" content=\"summary_large_image\" \/>\n<meta name=\"twitter:label1\" content=\"Verfasst von\" \/>\n\t<meta name=\"twitter:data1\" content=\"RentnerNews Redaktion\" \/>\n\t<meta name=\"twitter:label2\" content=\"Gesch\u00e4tzte Lesezeit\" \/>\n\t<meta name=\"twitter:data2\" content=\"2\u00a0Minuten\" \/>\n<!-- \/ Yoast SEO plugin. -->","yoast_head_json":{"title":"Senioren WG - Gemeinsam wohnen im Alter - Wohngemeinschaften","description":"Wer m\u00f6chte schon im Alter alleine wohnen? In den letzten zwei Jahrzehnten haben sich viele Leute dar\u00fcber Gedanken gemacht. Wir berichten!","robots":{"index":"index","follow":"follow","max-snippet":"max-snippet:-1","max-image-preview":"max-image-preview:large","max-video-preview":"max-video-preview:-1"},"canonical":"https:\/\/www.rentner-news.de\/index.php\/2020\/05\/01\/senioren-wg-gemeinsam-wohnen-im-alter\/","og_locale":"de_DE","og_type":"article","og_title":"Senioren WG - Gemeinsam wohnen im Alter - Wohngemeinschaften","og_description":"Wer m\u00f6chte schon im Alter alleine wohnen? In den letzten zwei Jahrzehnten haben sich viele Leute dar\u00fcber Gedanken gemacht. Wir berichten!","og_url":"https:\/\/www.rentner-news.de\/index.php\/2020\/05\/01\/senioren-wg-gemeinsam-wohnen-im-alter\/","og_site_name":"Rentner-News.de - 50 Plus Best Ager Senioren Nachrichten Tipps, Wissen,","article_published_time":"2020-05-01T20:11:36+00:00","article_modified_time":"2020-05-23T23:24:53+00:00","og_image":[{"width":960,"height":556,"url":"https:\/\/www.rentner-news.de\/wp-content\/uploads\/2020\/05\/cake-4447031_960_720.jpg","type":"image\/jpeg"}],"author":"RentnerNews Redaktion","twitter_card":"summary_large_image","twitter_misc":{"Verfasst von":"RentnerNews Redaktion","Gesch\u00e4tzte Lesezeit":"2\u00a0Minuten"},"schema":{"@context":"https:\/\/schema.org","@graph":[{"@type":"Article","@id":"https:\/\/www.rentner-news.de\/index.php\/2020\/05\/01\/senioren-wg-gemeinsam-wohnen-im-alter\/#article","isPartOf":{"@id":"https:\/\/www.rentner-news.de\/index.php\/2020\/05\/01\/senioren-wg-gemeinsam-wohnen-im-alter\/"},"author":{"name":"RentnerNews Redaktion","@id":"https:\/\/www.rentner-news.de\/#\/schema\/person\/24e64664697f18ee0a0ee442a954fe11"},"headline":"Senioren WG &#8211; Gemeinsam wohnen im Alter","datePublished":"2020-05-01T20:11:36+00:00","dateModified":"2020-05-23T23:24:53+00:00","mainEntityOfPage":{"@id":"https:\/\/www.rentner-news.de\/index.php\/2020\/05\/01\/senioren-wg-gemeinsam-wohnen-im-alter\/"},"wordCount":401,"publisher":{"@id":"https:\/\/www.rentner-news.de\/#organization"},"image":{"@id":"https:\/\/www.rentner-news.de\/index.php\/2020\/05\/01\/senioren-wg-gemeinsam-wohnen-im-alter\/#primaryimage"},"thumbnailUrl":"https:\/\/www.rentner-news.de\/wp-content\/uploads\/2020\/05\/cake-4447031_960_720.jpg","keywords":["Senioren","Wohnen","Wohnung"],"articleSection":["Gemeinschaft","Seniorenheim","Wohnen","Wohnung &amp; Haus"],"inLanguage":"de"},{"@type":"WebPage","@id":"https:\/\/www.rentner-news.de\/index.php\/2020\/05\/01\/senioren-wg-gemeinsam-wohnen-im-alter\/","url":"https:\/\/www.rentner-news.de\/index.php\/2020\/05\/01\/senioren-wg-gemeinsam-wohnen-im-alter\/","name":"Senioren WG - Gemeinsam wohnen im Alter - Wohngemeinschaften","isPartOf":{"@id":"https:\/\/www.rentner-news.de\/#website"},"primaryImageOfPage":{"@id":"https:\/\/www.rentner-news.de\/index.php\/2020\/05\/01\/senioren-wg-gemeinsam-wohnen-im-alter\/#primaryimage"},"image":{"@id":"https:\/\/www.rentner-news.de\/index.php\/2020\/05\/01\/senioren-wg-gemeinsam-wohnen-im-alter\/#primaryimage"},"thumbnailUrl":"https:\/\/www.rentner-news.de\/wp-content\/uploads\/2020\/05\/cake-4447031_960_720.jpg","datePublished":"2020-05-01T20:11:36+00:00","dateModified":"2020-05-23T23:24:53+00:00","description":"Wer m\u00f6chte schon im Alter alleine wohnen? In den letzten zwei Jahrzehnten haben sich viele Leute dar\u00fcber Gedanken gemacht. Wir berichten!","breadcrumb":{"@id":"https:\/\/www.rentner-news.de\/index.php\/2020\/05\/01\/senioren-wg-gemeinsam-wohnen-im-alter\/#breadcrumb"},"inLanguage":"de","potentialAction":[{"@type":"ReadAction","target":["https:\/\/www.rentner-news.de\/index.php\/2020\/05\/01\/senioren-wg-gemeinsam-wohnen-im-alter\/"]}]},{"@type":"ImageObject","inLanguage":"de","@id":"https:\/\/www.rentner-news.de\/index.php\/2020\/05\/01\/senioren-wg-gemeinsam-wohnen-im-alter\/#primaryimage","url":"https:\/\/www.rentner-news.de\/wp-content\/uploads\/2020\/05\/cake-4447031_960_720.jpg","contentUrl":"https:\/\/www.rentner-news.de\/wp-content\/uploads\/2020\/05\/cake-4447031_960_720.jpg","width":960,"height":556,"caption":"Wohnen"},{"@type":"BreadcrumbList","@id":"https:\/\/www.rentner-news.de\/index.php\/2020\/05\/01\/senioren-wg-gemeinsam-wohnen-im-alter\/#breadcrumb","itemListElement":[{"@type":"ListItem","position":1,"name":"Startseite","item":"https:\/\/www.rentner-news.de\/"},{"@type":"ListItem","position":2,"name":"Senioren WG &#8211; Gemeinsam wohnen im Alter"}]},{"@type":"WebSite","@id":"https:\/\/www.rentner-news.de\/#website","url":"https:\/\/www.rentner-news.de\/","name":"Rentner-News.de - 50 Plus Best Ager Senioren Nachrichten Tipps, Wissen,","description":"Deine Plattform f\u00fcr das Leben nach dem Arbeitsleben","publisher":{"@id":"https:\/\/www.rentner-news.de\/#organization"},"potentialAction":[{"@type":"SearchAction","target":{"@type":"EntryPoint","urlTemplate":"https:\/\/www.rentner-news.de\/?s={search_term_string}"},"query-input":{"@type":"PropertyValueSpecification","valueRequired":true,"valueName":"search_term_string"}}],"inLanguage":"de"},{"@type":"Organization","@id":"https:\/\/www.rentner-news.de\/#organization","name":"Rentner-News II bo mediaconsult","url":"https:\/\/www.rentner-news.de\/","logo":{"@type":"ImageObject","inLanguage":"de","@id":"https:\/\/www.rentner-news.de\/#\/schema\/logo\/image\/","url":"https:\/\/www.rentner-news.de\/wp-content\/uploads\/2020\/03\/400dpiLogoCropped-e1585256440346.png","contentUrl":"https:\/\/www.rentner-news.de\/wp-content\/uploads\/2020\/03\/400dpiLogoCropped-e1585256440346.png","width":280,"height":105,"caption":"Rentner-News II bo mediaconsult"},"image":{"@id":"https:\/\/www.rentner-news.de\/#\/schema\/logo\/image\/"}},{"@type":"Person","@id":"https:\/\/www.rentner-news.de\/#\/schema\/person\/24e64664697f18ee0a0ee442a954fe11","name":"RentnerNews Redaktion","image":{"@type":"ImageObject","inLanguage":"de","@id":"https:\/\/secure.gravatar.com\/avatar\/8982cdf7e5e37386dd0ded18ddec7e245dc0eb2b09245d59d28f8e77f667ea1f?s=96&d=mm&r=g","url":"https:\/\/secure.gravatar.com\/avatar\/8982cdf7e5e37386dd0ded18ddec7e245dc0eb2b09245d59d28f8e77f667ea1f?s=96&d=mm&r=g","contentUrl":"https:\/\/secure.gravatar.com\/avatar\/8982cdf7e5e37386dd0ded18ddec7e245dc0eb2b09245d59d28f8e77f667ea1f?s=96&d=mm&r=g","caption":"RentnerNews Redaktion"},"url":"https:\/\/www.rentner-news.de\/index.php\/author\/rentnernews-redaktion\/"}]}},"_links":{"self":[{"href":"https:\/\/www.rentner-news.de\/index.php\/wp-json\/wp\/v2\/posts\/2186","targetHints":{"allow":["GET"]}}],"collection":[{"href":"https:\/\/www.rentner-news.de\/index.php\/wp-json\/wp\/v2\/posts"}],"about":[{"href":"https:\/\/www.rentner-news.de\/index.php\/wp-json\/wp\/v2\/types\/post"}],"author":[{"embeddable":true,"href":"https:\/\/www.rentner-news.de\/index.php\/wp-json\/wp\/v2\/users\/7"}],"replies":[{"embeddable":true,"href":"https:\/\/www.rentner-news.de\/index.php\/wp-json\/wp\/v2\/comments?post=2186"}],"version-history":[{"count":0,"href":"https:\/\/www.rentner-news.de\/index.php\/wp-json\/wp\/v2\/posts\/2186\/revisions"}],"wp:featuredmedia":[{"embeddable":true,"href":"https:\/\/www.rentner-news.de\/index.php\/wp-json\/wp\/v2\/media\/2181"}],"wp:attachment":[{"href":"https:\/\/www.rentner-news.de\/index.php\/wp-json\/wp\/v2\/media?parent=2186"}],"wp:term":[{"taxonomy":"category","embeddable":true,"href":"https:\/\/www.rentner-news.de\/index.php\/wp-json\/wp\/v2\/categories?post=2186"},{"taxonomy":"post_tag","embeddable":true,"href":"https:\/\/www.rentner-news.de\/index.php\/wp-json\/wp\/v2\/tags?post=2186"}],"curies":[{"name":"wp","href":"https:\/\/api.w.org\/{rel}","templated":true}]}}