{"id":2200,"date":"2020-05-02T21:24:07","date_gmt":"2020-05-02T19:24:07","guid":{"rendered":"https:\/\/www.rentner-news.de\/?p=2200"},"modified":"2020-05-24T01:07:41","modified_gmt":"2020-05-23T23:07:41","slug":"seniorengerechtes-wohnen-wohnumgebung-fuer-das-alter-gestalten","status":"publish","type":"post","link":"https:\/\/www.rentner-news.de\/index.php\/2020\/05\/02\/seniorengerechtes-wohnen-wohnumgebung-fuer-das-alter-gestalten\/","title":{"rendered":"Seniorengerechtes Wohnen \u2013 Wohnumgebung f\u00fcr das Alter gestalten"},"content":{"rendered":"<h2>Seniorengerechtes Wohnen \u2013 Wohnumgebung f\u00fcr das Alter gestalten<\/h2>\n<p>Was genau braucht es, damit man sich im Alter wohlf\u00fchlt in den eigenen vier W\u00e4nden und in der n\u00e4heren Wohnumgebung? Das Stichwort hei\u00dft seniorengerechtes <a href=\"https:\/\/www.rentner-news.de\/index.php\/2026\/01\/08\/wenn-die-rente-knapp-ist-bezahlbarer-wohnraum-fuer-senioren-zwischen-anspruch-und-realitaet\/\">Wohnen<\/a> und deutet an, dass hier eine gr\u00f6\u00dfere Altersgruppe oder Generation \u00e4hnliche Bed\u00fcrfnisse an eine Wohnumgebung hat.<\/p>\n<p>Sicherlich stimmt das einerseits und doch hat jeder auch sehr pers\u00f6nliche Bed\u00fcrfnisse und Vorlieben. Ganz abh\u00e4ngig vom bisherigen Lebensstil, von Hobbies und auch von der eigenen <a href=\"https:\/\/www.rentner-news.de\/index.php\/2020\/03\/26\/fitness-fuer-rentner-sport\/\">Fitness<\/a>, die bei einigen Senioren heutzutage doch beachtlich ist.<\/p>\n<p>Oftmals denkt man gar nicht, dass die Person, die da vor einem steht, tats\u00e4chlich schon 70 Jahre alt sein soll. Das kann doch gar nicht sein. Die wirkt doch noch soooooo fit! Und man selbst f\u00fchlt sich vielleicht auch noch sehr viel j\u00fcnger als man ist. Und dennoch, es kann gut sein, sich mal \u00fcber seniorengerechtes Wohnen Gedanken zu machen.<\/p>\n<p>Manch einer tut dies, weil die Lebenspartnerin schlichtweg durch altersbedingte Handikaps seniorengerechtes Wohnen jetzt schon ben\u00f6tigt. Aber es gibt doch durchaus einige Hausbesitzer, die kurz nach der Rente noch einmal richtig zupacken und die letzten Umbauma\u00dfnahmen selber machen oder mindestens mitbestimmen und unterst\u00fctzen, damit das Haus f\u00fcr sp\u00e4tere Zeiten seniorengerechtes Wohnen f\u00fcr sie erm\u00f6glicht.<\/p>\n<p>&nbsp;<\/p>\n<h3>Wohnen in einer Wohngemeinschaft<\/h3>\n<p>Sollte man sich zu einer <a href=\"https:\/\/www.rentner-news.de\/index.php\/2020\/05\/01\/senioren-wg-gemeinsam-wohnen-im-alter\/\">Senioren WG<\/a> zusammengerauft haben und gemeinsam auf Wohnungssuche sein, so bedeutet die N\u00e4he zu Einkaufsm\u00f6glichkeiten, Gr\u00fcnanlagen, \u00c4rzten und kulturellen Veranstaltungsorten ebenfalls Lebensqualit\u00e4t und damit seniorengerechtes Wohnen. Hier sollte auch die Infrastruktur entsprechend g\u00fcnstig gestaltet sein.<\/p>\n<p>Unabh\u00e4ngig von Senioren <a href=\"https:\/\/www.rentner-news.de\/index.php\/2020\/05\/01\/senioren-ratgeber-informationen-abwaegen\/\">Ratgebern<\/a> und Internetinfos sollte man sich rund um dieses Thema mindestens mit Gleichgesinnten \u2013 von Senior zu Senior \u2013 und wo m\u00f6glich auch mit patenten und vertrauensw\u00fcrdigen Familienmitgliedern unterhalten.<\/p>\n<p>Selbstverst\u00e4ndlich hilft in diesem Rahmen auch das eine oder andere gute Buch weiter, aber sich selber umzuschauen und mit anderen \u00fcber M\u00f6glichkeiten zu diskutieren wird mehr Spa\u00df machen und fruchtbarer sein.<\/p>\n<p>&nbsp;<\/p>\n","protected":false},"excerpt":{"rendered":"<div class=\"mh-excerpt\"><p>Seniorengerechtes Wohnen \u2013 Wohnumgebung f\u00fcr das Alter gestalten Was genau braucht es, damit man sich im Alter wohlf\u00fchlt in den eigenen vier W\u00e4nden und in der n\u00e4heren Wohnumgebung? Das Stichwort hei\u00dft seniorengerechtes Wohnen und deutet <a class=\"mh-excerpt-more\" href=\"https:\/\/www.rentner-news.de\/index.php\/2020\/05\/02\/seniorengerechtes-wohnen-wohnumgebung-fuer-das-alter-gestalten\/\" title=\"Seniorengerechtes Wohnen \u2013 Wohnumgebung f\u00fcr das Alter gestalten\">[hier geht\u00b4s weiter&#8230;]<\/a><\/p>\n<\/div>","protected":false},"author":7,"featured_media":2202,"comment_status":"closed","ping_status":"open","sticky":false,"template":"","format":"standard","meta":{"_bbp_topic_count":0,"_bbp_reply_count":0,"_bbp_total_topic_count":0,"_bbp_total_reply_count":0,"_bbp_voice_count":0,"_bbp_anonymous_reply_count":0,"_bbp_topic_count_hidden":0,"_bbp_reply_count_hidden":0,"_bbp_forum_subforum_count":0,"_monsterinsights_skip_tracking":false,"footnotes":""},"categories":[570,571],"tags":[209,628,202,629],"class_list":["post-2200","post","type-post","status-publish","format-standard","has-post-thumbnail","category-wohnen","category-wohnung-haus-rentner","tag-fitness","tag-seniorengerecht","tag-wohnen","tag-wohngemeinschaft"],"yoast_head":"<!-- This site is optimized with the Yoast SEO plugin v28.4 - https:\/\/yoast.com\/product\/yoast-seo-wordpress\/ -->\n<title>Seniorengerechtes Wohnen \u2013 Wohnumgebung f\u00fcr das Alter gestalten<\/title>\n<meta name=\"description\" content=\"Seniorengerechtes Wohnen deutet an, dass hier eine gr\u00f6\u00dfere Altersgruppe oder Generation \u00e4hnliche Bed\u00fcrfnisse an eine Wohnumgebung hat. Hier gehts weiter..\" \/>\n<meta name=\"robots\" content=\"index, follow, max-snippet:-1, max-image-preview:large, max-video-preview:-1\" \/>\n<link rel=\"canonical\" href=\"https:\/\/www.rentner-news.de\/index.php\/2020\/05\/02\/seniorengerechtes-wohnen-wohnumgebung-fuer-das-alter-gestalten\/\" \/>\n<meta property=\"og:locale\" content=\"de_DE\" \/>\n<meta property=\"og:type\" content=\"article\" \/>\n<meta property=\"og:title\" content=\"Seniorengerechtes Wohnen \u2013 Wohnumgebung f\u00fcr das Alter gestalten\" \/>\n<meta property=\"og:description\" content=\"Seniorengerechtes Wohnen deutet an, dass hier eine gr\u00f6\u00dfere Altersgruppe oder Generation \u00e4hnliche Bed\u00fcrfnisse an eine Wohnumgebung hat. Hier gehts weiter..\" \/>\n<meta property=\"og:url\" content=\"https:\/\/www.rentner-news.de\/index.php\/2020\/05\/02\/seniorengerechtes-wohnen-wohnumgebung-fuer-das-alter-gestalten\/\" \/>\n<meta property=\"og:site_name\" content=\"Rentner-News.de - 50 Plus Best Ager Senioren Nachrichten Tipps, Wissen,\" \/>\n<meta property=\"article:published_time\" content=\"2020-05-02T19:24:07+00:00\" \/>\n<meta property=\"article:modified_time\" content=\"2020-05-23T23:07:41+00:00\" \/>\n<meta property=\"og:image\" content=\"https:\/\/www.rentner-news.de\/wp-content\/uploads\/2020\/05\/kitchen-416027_960_720.jpg\" \/>\n\t<meta property=\"og:image:width\" content=\"960\" \/>\n\t<meta property=\"og:image:height\" content=\"540\" \/>\n\t<meta property=\"og:image:type\" content=\"image\/jpeg\" \/>\n<meta name=\"author\" content=\"RentnerNews Redaktion\" \/>\n<meta name=\"twitter:card\" content=\"summary_large_image\" \/>\n<meta name=\"twitter:label1\" content=\"Verfasst von\" \/>\n\t<meta name=\"twitter:data1\" content=\"RentnerNews Redaktion\" \/>\n\t<meta name=\"twitter:label2\" content=\"Gesch\u00e4tzte Lesezeit\" \/>\n\t<meta name=\"twitter:data2\" content=\"2\u00a0Minuten\" \/>\n<!-- \/ Yoast SEO plugin. -->","yoast_head_json":{"title":"Seniorengerechtes Wohnen \u2013 Wohnumgebung f\u00fcr das Alter gestalten","description":"Seniorengerechtes Wohnen deutet an, dass hier eine gr\u00f6\u00dfere Altersgruppe oder Generation \u00e4hnliche Bed\u00fcrfnisse an eine Wohnumgebung hat. Hier gehts weiter..","robots":{"index":"index","follow":"follow","max-snippet":"max-snippet:-1","max-image-preview":"max-image-preview:large","max-video-preview":"max-video-preview:-1"},"canonical":"https:\/\/www.rentner-news.de\/index.php\/2020\/05\/02\/seniorengerechtes-wohnen-wohnumgebung-fuer-das-alter-gestalten\/","og_locale":"de_DE","og_type":"article","og_title":"Seniorengerechtes Wohnen \u2013 Wohnumgebung f\u00fcr das Alter gestalten","og_description":"Seniorengerechtes Wohnen deutet an, dass hier eine gr\u00f6\u00dfere Altersgruppe oder Generation \u00e4hnliche Bed\u00fcrfnisse an eine Wohnumgebung hat. Hier gehts weiter..","og_url":"https:\/\/www.rentner-news.de\/index.php\/2020\/05\/02\/seniorengerechtes-wohnen-wohnumgebung-fuer-das-alter-gestalten\/","og_site_name":"Rentner-News.de - 50 Plus Best Ager Senioren Nachrichten Tipps, Wissen,","article_published_time":"2020-05-02T19:24:07+00:00","article_modified_time":"2020-05-23T23:07:41+00:00","og_image":[{"width":960,"height":540,"url":"https:\/\/www.rentner-news.de\/wp-content\/uploads\/2020\/05\/kitchen-416027_960_720.jpg","type":"image\/jpeg"}],"author":"RentnerNews Redaktion","twitter_card":"summary_large_image","twitter_misc":{"Verfasst von":"RentnerNews Redaktion","Gesch\u00e4tzte Lesezeit":"2\u00a0Minuten"},"schema":{"@context":"https:\/\/schema.org","@graph":[{"@type":"Article","@id":"https:\/\/www.rentner-news.de\/index.php\/2020\/05\/02\/seniorengerechtes-wohnen-wohnumgebung-fuer-das-alter-gestalten\/#article","isPartOf":{"@id":"https:\/\/www.rentner-news.de\/index.php\/2020\/05\/02\/seniorengerechtes-wohnen-wohnumgebung-fuer-das-alter-gestalten\/"},"author":{"name":"RentnerNews Redaktion","@id":"https:\/\/www.rentner-news.de\/#\/schema\/person\/24e64664697f18ee0a0ee442a954fe11"},"headline":"Seniorengerechtes Wohnen \u2013 Wohnumgebung f\u00fcr das Alter gestalten","datePublished":"2020-05-02T19:24:07+00:00","dateModified":"2020-05-23T23:07:41+00:00","mainEntityOfPage":{"@id":"https:\/\/www.rentner-news.de\/index.php\/2020\/05\/02\/seniorengerechtes-wohnen-wohnumgebung-fuer-das-alter-gestalten\/"},"wordCount":341,"publisher":{"@id":"https:\/\/www.rentner-news.de\/#organization"},"image":{"@id":"https:\/\/www.rentner-news.de\/index.php\/2020\/05\/02\/seniorengerechtes-wohnen-wohnumgebung-fuer-das-alter-gestalten\/#primaryimage"},"thumbnailUrl":"https:\/\/www.rentner-news.de\/wp-content\/uploads\/2020\/05\/kitchen-416027_960_720.jpg","keywords":["Fitness","Seniorengerecht","Wohnen","Wohngemeinschaft"],"articleSection":["Wohnen","Wohnung &amp; Haus"],"inLanguage":"de"},{"@type":"WebPage","@id":"https:\/\/www.rentner-news.de\/index.php\/2020\/05\/02\/seniorengerechtes-wohnen-wohnumgebung-fuer-das-alter-gestalten\/","url":"https:\/\/www.rentner-news.de\/index.php\/2020\/05\/02\/seniorengerechtes-wohnen-wohnumgebung-fuer-das-alter-gestalten\/","name":"Seniorengerechtes Wohnen \u2013 Wohnumgebung f\u00fcr das Alter gestalten","isPartOf":{"@id":"https:\/\/www.rentner-news.de\/#website"},"primaryImageOfPage":{"@id":"https:\/\/www.rentner-news.de\/index.php\/2020\/05\/02\/seniorengerechtes-wohnen-wohnumgebung-fuer-das-alter-gestalten\/#primaryimage"},"image":{"@id":"https:\/\/www.rentner-news.de\/index.php\/2020\/05\/02\/seniorengerechtes-wohnen-wohnumgebung-fuer-das-alter-gestalten\/#primaryimage"},"thumbnailUrl":"https:\/\/www.rentner-news.de\/wp-content\/uploads\/2020\/05\/kitchen-416027_960_720.jpg","datePublished":"2020-05-02T19:24:07+00:00","dateModified":"2020-05-23T23:07:41+00:00","description":"Seniorengerechtes Wohnen deutet an, dass hier eine gr\u00f6\u00dfere Altersgruppe oder Generation \u00e4hnliche Bed\u00fcrfnisse an eine Wohnumgebung hat. Hier gehts weiter..","breadcrumb":{"@id":"https:\/\/www.rentner-news.de\/index.php\/2020\/05\/02\/seniorengerechtes-wohnen-wohnumgebung-fuer-das-alter-gestalten\/#breadcrumb"},"inLanguage":"de","potentialAction":[{"@type":"ReadAction","target":["https:\/\/www.rentner-news.de\/index.php\/2020\/05\/02\/seniorengerechtes-wohnen-wohnumgebung-fuer-das-alter-gestalten\/"]}]},{"@type":"ImageObject","inLanguage":"de","@id":"https:\/\/www.rentner-news.de\/index.php\/2020\/05\/02\/seniorengerechtes-wohnen-wohnumgebung-fuer-das-alter-gestalten\/#primaryimage","url":"https:\/\/www.rentner-news.de\/wp-content\/uploads\/2020\/05\/kitchen-416027_960_720.jpg","contentUrl":"https:\/\/www.rentner-news.de\/wp-content\/uploads\/2020\/05\/kitchen-416027_960_720.jpg","width":960,"height":540,"caption":"Seniorengerechtes Wohnen \u2013 Wohnumgebung f\u00fcr das Alter gestalten"},{"@type":"BreadcrumbList","@id":"https:\/\/www.rentner-news.de\/index.php\/2020\/05\/02\/seniorengerechtes-wohnen-wohnumgebung-fuer-das-alter-gestalten\/#breadcrumb","itemListElement":[{"@type":"ListItem","position":1,"name":"Startseite","item":"https:\/\/www.rentner-news.de\/"},{"@type":"ListItem","position":2,"name":"Seniorengerechtes Wohnen \u2013 Wohnumgebung f\u00fcr das Alter gestalten"}]},{"@type":"WebSite","@id":"https:\/\/www.rentner-news.de\/#website","url":"https:\/\/www.rentner-news.de\/","name":"Rentner-News.de - 50 Plus Best Ager Senioren Nachrichten Tipps, Wissen,","description":"Deine Plattform f\u00fcr das Leben nach dem Arbeitsleben","publisher":{"@id":"https:\/\/www.rentner-news.de\/#organization"},"potentialAction":[{"@type":"SearchAction","target":{"@type":"EntryPoint","urlTemplate":"https:\/\/www.rentner-news.de\/?s={search_term_string}"},"query-input":{"@type":"PropertyValueSpecification","valueRequired":true,"valueName":"search_term_string"}}],"inLanguage":"de"},{"@type":"Organization","@id":"https:\/\/www.rentner-news.de\/#organization","name":"Rentner-News II bo mediaconsult","url":"https:\/\/www.rentner-news.de\/","logo":{"@type":"ImageObject","inLanguage":"de","@id":"https:\/\/www.rentner-news.de\/#\/schema\/logo\/image\/","url":"https:\/\/www.rentner-news.de\/wp-content\/uploads\/2020\/03\/400dpiLogoCropped-e1585256440346.png","contentUrl":"https:\/\/www.rentner-news.de\/wp-content\/uploads\/2020\/03\/400dpiLogoCropped-e1585256440346.png","width":280,"height":105,"caption":"Rentner-News II bo mediaconsult"},"image":{"@id":"https:\/\/www.rentner-news.de\/#\/schema\/logo\/image\/"}},{"@type":"Person","@id":"https:\/\/www.rentner-news.de\/#\/schema\/person\/24e64664697f18ee0a0ee442a954fe11","name":"RentnerNews Redaktion","image":{"@type":"ImageObject","inLanguage":"de","@id":"https:\/\/secure.gravatar.com\/avatar\/8982cdf7e5e37386dd0ded18ddec7e245dc0eb2b09245d59d28f8e77f667ea1f?s=96&d=mm&r=g","url":"https:\/\/secure.gravatar.com\/avatar\/8982cdf7e5e37386dd0ded18ddec7e245dc0eb2b09245d59d28f8e77f667ea1f?s=96&d=mm&r=g","contentUrl":"https:\/\/secure.gravatar.com\/avatar\/8982cdf7e5e37386dd0ded18ddec7e245dc0eb2b09245d59d28f8e77f667ea1f?s=96&d=mm&r=g","caption":"RentnerNews Redaktion"},"url":"https:\/\/www.rentner-news.de\/index.php\/author\/rentnernews-redaktion\/"}]}},"_links":{"self":[{"href":"https:\/\/www.rentner-news.de\/index.php\/wp-json\/wp\/v2\/posts\/2200","targetHints":{"allow":["GET"]}}],"collection":[{"href":"https:\/\/www.rentner-news.de\/index.php\/wp-json\/wp\/v2\/posts"}],"about":[{"href":"https:\/\/www.rentner-news.de\/index.php\/wp-json\/wp\/v2\/types\/post"}],"author":[{"embeddable":true,"href":"https:\/\/www.rentner-news.de\/index.php\/wp-json\/wp\/v2\/users\/7"}],"replies":[{"embeddable":true,"href":"https:\/\/www.rentner-news.de\/index.php\/wp-json\/wp\/v2\/comments?post=2200"}],"version-history":[{"count":0,"href":"https:\/\/www.rentner-news.de\/index.php\/wp-json\/wp\/v2\/posts\/2200\/revisions"}],"wp:featuredmedia":[{"embeddable":true,"href":"https:\/\/www.rentner-news.de\/index.php\/wp-json\/wp\/v2\/media\/2202"}],"wp:attachment":[{"href":"https:\/\/www.rentner-news.de\/index.php\/wp-json\/wp\/v2\/media?parent=2200"}],"wp:term":[{"taxonomy":"category","embeddable":true,"href":"https:\/\/www.rentner-news.de\/index.php\/wp-json\/wp\/v2\/categories?post=2200"},{"taxonomy":"post_tag","embeddable":true,"href":"https:\/\/www.rentner-news.de\/index.php\/wp-json\/wp\/v2\/tags?post=2200"}],"curies":[{"name":"wp","href":"https:\/\/api.w.org\/{rel}","templated":true}]}}