{"id":2220,"date":"2020-05-09T21:57:55","date_gmt":"2020-05-09T19:57:55","guid":{"rendered":"https:\/\/www.rentner-news.de\/?p=2220"},"modified":"2021-11-25T15:13:25","modified_gmt":"2021-11-25T14:13:25","slug":"der-richtige-umgang-mit-an-alzheimer-erkrankten-senioren","status":"publish","type":"post","link":"https:\/\/www.rentner-news.de\/index.php\/2020\/05\/09\/der-richtige-umgang-mit-an-alzheimer-erkrankten-senioren\/","title":{"rendered":"Der richtige Umgang mit an Alzheimer erkrankten Senioren"},"content":{"rendered":"<h2>Der richtige Umgang mit an Alzheimer erkrankten Senioren<\/h2>\n<p>Die Betreuung \u00e4lterer Familienmitglieder ist eine schwere Aufgabe in Zeiten, in denen der Arbeitsalltag immer mehr das Leben bestimmt. Alzheimer ist eine Erkrankung, in der sich die familieninternen Beziehungen besonders stark ver\u00e4ndern und die eine besondere Herausforderung f\u00fcr dieses soziale <a href=\"https:\/\/www.rentner-news.de\/index.php\/2020\/05\/02\/gymnastik-fuer-senioren-gelenkig-und-fit-im-alter\/\">Umfeld<\/a> ist, unser Thema hier auf <a href=\"https:\/\/www.rentner-news.de\/\">Rentner-News.de<\/a><\/p>\n<p>Ein Problem ist, dass Alzheimerpatienten \u00e4u\u00dferliche einen unversehrten Eindruck machen, die Symptome der Krankheit sich aber psychisch auswirken. Im Verhalten wirken Patienten oft unkooperativ. F\u00fcr die Angeh\u00f6rigen ist es wichtig, zu verstehen, dass dieses Verhalten eine Folge der Krankheit ist und keine Absicht des Patienten.<\/p>\n<p>Die Innenwelt von Alzheimerpatienten stellt gro\u00dfe Herausforderungen an die Patienten. Im inneren Erleben stellt sich die Umgebung f\u00fcr den dementen Patienten als fremdartig dar. So erkennen sie bekannte Personen nicht, sie stellen sich ihnen als aufdringliche Fremde dar \u2013 die seltsame Anforderungen stellen. Neben der richtigen Medikation ist auch eine optimale Betreuung wichtig.<\/p>\n<p>&nbsp;<\/p>\n<h3>Einfache Tipps f\u00fcr eine gute Betreuung von Alzheimerpatienten<\/h3>\n<p>Sehr wichtig ist es, Informations- und Beratungsangebote zu dieser langj\u00e4hrigen und komplexen Erkrankung wahrzunehmen, sei es f\u00fcr die Pr\u00e4vention, Zukunftsaussichten in der Forschung oder praktische Tipps im Umgang mit Erkrankten.<\/p>\n<p><strong> Hier helfen schon einfache Tipps:<\/strong> Ein freundlicher Ton, der der Situation angemessen auch bestimmt werden kann, sowie klare und einfache Sprache sind wichtig. Alzheimerpatienten brauchen unter Umst\u00e4nden Zeit f\u00fcr ihre Reaktion, bis hin zu mehreren Minuten. Eine entsprechende <a href=\"https:\/\/www.rentner-news.de\/?p=2223&amp;preview=true\">Betreuung<\/a> sollte mit der notwendigen Geduld aufwarten.<\/p>\n<p>Eine wichtige Strategie ist es, sich klar zu machen, das verletzende \u00c4u\u00dferungen des Patienten so nicht gemeint sind. Es handelt sich hier um eine St\u00f6rung der Wahrnehmung und des Verhaltens beim Patienten. Ein professioneller Umgang ist wichtig. Anschuldigungen sollten \u00fcberh\u00f6rt werden.<\/p>\n<p>Meinungsverschiedenheiten m\u00fcssen nicht ausdiskutiert werden. Der Patient kann stattdessen auf andere Themen abgelenkt werden. Ein freundliches Auftreten kann dem Patienten helfen, die Verhaltenssymptome zu \u00fcberwinden, sch\u00fctzen aber nicht vollst\u00e4ndig davor. Loben, l\u00e4cheln und freundlicher K\u00f6rperkontakt k\u00f6nnen wichtig sein.<\/p>\n<p>Wichtiges sollte wiederholt werden, durchaus auch mehrfach. Dazu geh\u00f6ren insbesondere konkrete Informationen, wie Ort, Zeit, Datum und Namen. Komplizierte Verweise sollten vermieden werden. Das gleiche Prinzip eignet sich auch f\u00fcr die Gestaltung des Alltags. Routine im Alltag und Wiederholung in der Kommunikation helfen dem Patienten, sich zu orientieren.<\/p>\n<p>&nbsp;<\/p>\n","protected":false},"excerpt":{"rendered":"<div class=\"mh-excerpt\"><p>Der richtige Umgang mit an Alzheimer erkrankten Senioren Die Betreuung \u00e4lterer Familienmitglieder ist eine schwere Aufgabe in Zeiten, in denen der Arbeitsalltag immer mehr das Leben bestimmt. Alzheimer ist eine Erkrankung, in der sich die <a class=\"mh-excerpt-more\" href=\"https:\/\/www.rentner-news.de\/index.php\/2020\/05\/09\/der-richtige-umgang-mit-an-alzheimer-erkrankten-senioren\/\" title=\"Der richtige Umgang mit an Alzheimer erkrankten Senioren\">[hier geht\u00b4s weiter&#8230;]<\/a><\/p>\n<\/div>","protected":false},"author":7,"featured_media":2221,"comment_status":"closed","ping_status":"open","sticky":false,"template":"","format":"standard","meta":{"_bbp_topic_count":0,"_bbp_reply_count":0,"_bbp_total_topic_count":0,"_bbp_total_reply_count":0,"_bbp_voice_count":0,"_bbp_anonymous_reply_count":0,"_bbp_topic_count_hidden":0,"_bbp_reply_count_hidden":0,"_bbp_forum_subforum_count":0,"_monsterinsights_skip_tracking":false,"_monsterinsights_sitenote_active":false,"_monsterinsights_sitenote_note":"","_monsterinsights_sitenote_category":0,"footnotes":""},"categories":[581,576],"tags":[636,353,753,637,71,389,838],"class_list":{"0":"post-2220","1":"post","2":"type-post","3":"status-publish","4":"format-standard","5":"has-post-thumbnail","7":"category-erkrankungen","8":"category-gesundheit","9":"tag-alzheimer","10":"tag-betreuung","11":"tag-demenz","12":"tag-erkrankungen","13":"tag-gesundheit","14":"tag-krankheit","15":"tag-patient"},"yoast_head":"<!-- This site is optimized with the Yoast SEO plugin v27.2 - https:\/\/yoast.com\/product\/yoast-seo-wordpress\/ -->\n<title>Der richtige Umgang mit an Alzheimer erkrankten Senioren<\/title>\n<meta name=\"description\" content=\"Alzheimer ist eine Erkrankung, in der sich die familieninternen Beziehungen besonders stark ver\u00e4ndern. Hier geht es weiter zu unserem Beitrag!\" \/>\n<meta name=\"robots\" content=\"index, follow, max-snippet:-1, max-image-preview:large, max-video-preview:-1\" \/>\n<link rel=\"canonical\" href=\"https:\/\/www.rentner-news.de\/index.php\/2020\/05\/09\/der-richtige-umgang-mit-an-alzheimer-erkrankten-senioren\/\" \/>\n<meta property=\"og:locale\" content=\"de_DE\" \/>\n<meta property=\"og:type\" content=\"article\" \/>\n<meta property=\"og:title\" content=\"Der richtige Umgang mit an Alzheimer erkrankten Senioren\" \/>\n<meta property=\"og:description\" content=\"Alzheimer ist eine Erkrankung, in der sich die familieninternen Beziehungen besonders stark ver\u00e4ndern. Hier geht es weiter zu unserem Beitrag!\" \/>\n<meta property=\"og:url\" content=\"https:\/\/www.rentner-news.de\/index.php\/2020\/05\/09\/der-richtige-umgang-mit-an-alzheimer-erkrankten-senioren\/\" \/>\n<meta property=\"og:site_name\" content=\"Rentner-News.de - 50 Plus Best Ager Senioren Nachrichten Tipps, Wissen,\" \/>\n<meta property=\"article:published_time\" content=\"2020-05-09T19:57:55+00:00\" \/>\n<meta property=\"article:modified_time\" content=\"2021-11-25T14:13:25+00:00\" \/>\n<meta property=\"og:image\" content=\"https:\/\/www.rentner-news.de\/wp-content\/uploads\/2020\/05\/dependent-826332_960_720-e1589053797831.jpg\" \/>\n\t<meta property=\"og:image:width\" content=\"855\" \/>\n\t<meta property=\"og:image:height\" content=\"640\" \/>\n\t<meta property=\"og:image:type\" content=\"image\/jpeg\" \/>\n<meta name=\"author\" content=\"RentnerNews Redaktion\" \/>\n<meta name=\"twitter:card\" content=\"summary_large_image\" \/>\n<meta name=\"twitter:label1\" content=\"Verfasst von\" \/>\n\t<meta name=\"twitter:data1\" content=\"RentnerNews Redaktion\" \/>\n\t<meta name=\"twitter:label2\" content=\"Gesch\u00e4tzte Lesezeit\" \/>\n\t<meta name=\"twitter:data2\" content=\"2\u00a0Minuten\" \/>\n<!-- \/ Yoast SEO plugin. -->","yoast_head_json":{"title":"Der richtige Umgang mit an Alzheimer erkrankten Senioren","description":"Alzheimer ist eine Erkrankung, in der sich die familieninternen Beziehungen besonders stark ver\u00e4ndern. Hier geht es weiter zu unserem Beitrag!","robots":{"index":"index","follow":"follow","max-snippet":"max-snippet:-1","max-image-preview":"max-image-preview:large","max-video-preview":"max-video-preview:-1"},"canonical":"https:\/\/www.rentner-news.de\/index.php\/2020\/05\/09\/der-richtige-umgang-mit-an-alzheimer-erkrankten-senioren\/","og_locale":"de_DE","og_type":"article","og_title":"Der richtige Umgang mit an Alzheimer erkrankten Senioren","og_description":"Alzheimer ist eine Erkrankung, in der sich die familieninternen Beziehungen besonders stark ver\u00e4ndern. Hier geht es weiter zu unserem Beitrag!","og_url":"https:\/\/www.rentner-news.de\/index.php\/2020\/05\/09\/der-richtige-umgang-mit-an-alzheimer-erkrankten-senioren\/","og_site_name":"Rentner-News.de - 50 Plus Best Ager Senioren Nachrichten Tipps, Wissen,","article_published_time":"2020-05-09T19:57:55+00:00","article_modified_time":"2021-11-25T14:13:25+00:00","og_image":[{"width":855,"height":640,"url":"https:\/\/www.rentner-news.de\/wp-content\/uploads\/2020\/05\/dependent-826332_960_720-e1589053797831.jpg","type":"image\/jpeg"}],"author":"RentnerNews Redaktion","twitter_card":"summary_large_image","twitter_misc":{"Verfasst von":"RentnerNews Redaktion","Gesch\u00e4tzte Lesezeit":"2\u00a0Minuten"},"schema":{"@context":"https:\/\/schema.org","@graph":[{"@type":"Article","@id":"https:\/\/www.rentner-news.de\/index.php\/2020\/05\/09\/der-richtige-umgang-mit-an-alzheimer-erkrankten-senioren\/#article","isPartOf":{"@id":"https:\/\/www.rentner-news.de\/index.php\/2020\/05\/09\/der-richtige-umgang-mit-an-alzheimer-erkrankten-senioren\/"},"author":{"name":"RentnerNews Redaktion","@id":"https:\/\/www.rentner-news.de\/#\/schema\/person\/24e64664697f18ee0a0ee442a954fe11"},"headline":"Der richtige Umgang mit an Alzheimer erkrankten Senioren","datePublished":"2020-05-09T19:57:55+00:00","dateModified":"2021-11-25T14:13:25+00:00","mainEntityOfPage":{"@id":"https:\/\/www.rentner-news.de\/index.php\/2020\/05\/09\/der-richtige-umgang-mit-an-alzheimer-erkrankten-senioren\/"},"wordCount":397,"publisher":{"@id":"https:\/\/www.rentner-news.de\/#organization"},"image":{"@id":"https:\/\/www.rentner-news.de\/index.php\/2020\/05\/09\/der-richtige-umgang-mit-an-alzheimer-erkrankten-senioren\/#primaryimage"},"thumbnailUrl":"https:\/\/www.rentner-news.de\/wp-content\/uploads\/2020\/05\/dependent-826332_960_720-e1589053797831.jpg","keywords":["Alzheimer","Betreuung","Demenz","Erkrankungen","Gesundheit","Krankheit","Patient"],"articleSection":["Erkrankungen","Gesundheit"],"inLanguage":"de"},{"@type":"WebPage","@id":"https:\/\/www.rentner-news.de\/index.php\/2020\/05\/09\/der-richtige-umgang-mit-an-alzheimer-erkrankten-senioren\/","url":"https:\/\/www.rentner-news.de\/index.php\/2020\/05\/09\/der-richtige-umgang-mit-an-alzheimer-erkrankten-senioren\/","name":"Der richtige Umgang mit an Alzheimer erkrankten Senioren","isPartOf":{"@id":"https:\/\/www.rentner-news.de\/#website"},"primaryImageOfPage":{"@id":"https:\/\/www.rentner-news.de\/index.php\/2020\/05\/09\/der-richtige-umgang-mit-an-alzheimer-erkrankten-senioren\/#primaryimage"},"image":{"@id":"https:\/\/www.rentner-news.de\/index.php\/2020\/05\/09\/der-richtige-umgang-mit-an-alzheimer-erkrankten-senioren\/#primaryimage"},"thumbnailUrl":"https:\/\/www.rentner-news.de\/wp-content\/uploads\/2020\/05\/dependent-826332_960_720-e1589053797831.jpg","datePublished":"2020-05-09T19:57:55+00:00","dateModified":"2021-11-25T14:13:25+00:00","description":"Alzheimer ist eine Erkrankung, in der sich die familieninternen Beziehungen besonders stark ver\u00e4ndern. Hier geht es weiter zu unserem Beitrag!","breadcrumb":{"@id":"https:\/\/www.rentner-news.de\/index.php\/2020\/05\/09\/der-richtige-umgang-mit-an-alzheimer-erkrankten-senioren\/#breadcrumb"},"inLanguage":"de","potentialAction":[{"@type":"ReadAction","target":["https:\/\/www.rentner-news.de\/index.php\/2020\/05\/09\/der-richtige-umgang-mit-an-alzheimer-erkrankten-senioren\/"]}]},{"@type":"ImageObject","inLanguage":"de","@id":"https:\/\/www.rentner-news.de\/index.php\/2020\/05\/09\/der-richtige-umgang-mit-an-alzheimer-erkrankten-senioren\/#primaryimage","url":"https:\/\/www.rentner-news.de\/wp-content\/uploads\/2020\/05\/dependent-826332_960_720-e1589053797831.jpg","contentUrl":"https:\/\/www.rentner-news.de\/wp-content\/uploads\/2020\/05\/dependent-826332_960_720-e1589053797831.jpg","width":855,"height":640,"caption":"Der richtige Umgang mit an Alzheimer erkrankten Senioren"},{"@type":"BreadcrumbList","@id":"https:\/\/www.rentner-news.de\/index.php\/2020\/05\/09\/der-richtige-umgang-mit-an-alzheimer-erkrankten-senioren\/#breadcrumb","itemListElement":[{"@type":"ListItem","position":1,"name":"Startseite","item":"https:\/\/www.rentner-news.de\/"},{"@type":"ListItem","position":2,"name":"Der richtige Umgang mit an Alzheimer erkrankten Senioren"}]},{"@type":"WebSite","@id":"https:\/\/www.rentner-news.de\/#website","url":"https:\/\/www.rentner-news.de\/","name":"Rentner-News.de - 50 Plus Best Ager Senioren Nachrichten Tipps, Wissen,","description":"Deine Plattform f\u00fcr das Leben nach dem Arbeitsleben","publisher":{"@id":"https:\/\/www.rentner-news.de\/#organization"},"potentialAction":[{"@type":"SearchAction","target":{"@type":"EntryPoint","urlTemplate":"https:\/\/www.rentner-news.de\/?s={search_term_string}"},"query-input":{"@type":"PropertyValueSpecification","valueRequired":true,"valueName":"search_term_string"}}],"inLanguage":"de"},{"@type":"Organization","@id":"https:\/\/www.rentner-news.de\/#organization","name":"Rentner-News II bo mediaconsult","url":"https:\/\/www.rentner-news.de\/","logo":{"@type":"ImageObject","inLanguage":"de","@id":"https:\/\/www.rentner-news.de\/#\/schema\/logo\/image\/","url":"https:\/\/www.rentner-news.de\/wp-content\/uploads\/2020\/03\/400dpiLogoCropped-e1585256440346.png","contentUrl":"https:\/\/www.rentner-news.de\/wp-content\/uploads\/2020\/03\/400dpiLogoCropped-e1585256440346.png","width":280,"height":105,"caption":"Rentner-News II bo mediaconsult"},"image":{"@id":"https:\/\/www.rentner-news.de\/#\/schema\/logo\/image\/"}},{"@type":"Person","@id":"https:\/\/www.rentner-news.de\/#\/schema\/person\/24e64664697f18ee0a0ee442a954fe11","name":"RentnerNews Redaktion","image":{"@type":"ImageObject","inLanguage":"de","@id":"https:\/\/secure.gravatar.com\/avatar\/8982cdf7e5e37386dd0ded18ddec7e245dc0eb2b09245d59d28f8e77f667ea1f?s=96&d=mm&r=g","url":"https:\/\/secure.gravatar.com\/avatar\/8982cdf7e5e37386dd0ded18ddec7e245dc0eb2b09245d59d28f8e77f667ea1f?s=96&d=mm&r=g","contentUrl":"https:\/\/secure.gravatar.com\/avatar\/8982cdf7e5e37386dd0ded18ddec7e245dc0eb2b09245d59d28f8e77f667ea1f?s=96&d=mm&r=g","caption":"RentnerNews Redaktion"},"url":"https:\/\/www.rentner-news.de\/index.php\/author\/rentnernews-redaktion\/"}]}},"_links":{"self":[{"href":"https:\/\/www.rentner-news.de\/index.php\/wp-json\/wp\/v2\/posts\/2220","targetHints":{"allow":["GET"]}}],"collection":[{"href":"https:\/\/www.rentner-news.de\/index.php\/wp-json\/wp\/v2\/posts"}],"about":[{"href":"https:\/\/www.rentner-news.de\/index.php\/wp-json\/wp\/v2\/types\/post"}],"author":[{"embeddable":true,"href":"https:\/\/www.rentner-news.de\/index.php\/wp-json\/wp\/v2\/users\/7"}],"replies":[{"embeddable":true,"href":"https:\/\/www.rentner-news.de\/index.php\/wp-json\/wp\/v2\/comments?post=2220"}],"version-history":[{"count":0,"href":"https:\/\/www.rentner-news.de\/index.php\/wp-json\/wp\/v2\/posts\/2220\/revisions"}],"wp:featuredmedia":[{"embeddable":true,"href":"https:\/\/www.rentner-news.de\/index.php\/wp-json\/wp\/v2\/media\/2221"}],"wp:attachment":[{"href":"https:\/\/www.rentner-news.de\/index.php\/wp-json\/wp\/v2\/media?parent=2220"}],"wp:term":[{"taxonomy":"category","embeddable":true,"href":"https:\/\/www.rentner-news.de\/index.php\/wp-json\/wp\/v2\/categories?post=2220"},{"taxonomy":"post_tag","embeddable":true,"href":"https:\/\/www.rentner-news.de\/index.php\/wp-json\/wp\/v2\/tags?post=2220"}],"curies":[{"name":"wp","href":"https:\/\/api.w.org\/{rel}","templated":true}]}}