{"id":2297,"date":"2020-05-15T23:07:11","date_gmt":"2020-05-15T21:07:11","guid":{"rendered":"https:\/\/www.rentner-news.de\/?p=2297"},"modified":"2020-05-23T01:14:14","modified_gmt":"2020-05-22T23:14:14","slug":"omas-for-future-warum-wir-mehr-politisch-und-gesellschaftlich-engagierte-omas-und-opas-brauchen","status":"publish","type":"post","link":"https:\/\/www.rentner-news.de\/index.php\/2020\/05\/15\/omas-for-future-warum-wir-mehr-politisch-und-gesellschaftlich-engagierte-omas-und-opas-brauchen\/","title":{"rendered":"Omas for Future: Warum wir mehr politisch und gesellschaftlich engagierte Omas und Opas brauchen"},"content":{"rendered":"<h2>Omas for Future: Warum wir mehr politisch und gesellschaftlich engagierte Omas und Opas brauchen<\/h2>\n<p>Kommt nach FFF jetzt\u00a0Omas for future? Ist es sinnvoll, dass sich im Rahmen unserer\u00a0Politik\u00a0mehr \u00e4ltere Menschen engagieren? <a href=\"https:\/\/www.rentner-news.de\/index.php\/2020\/04\/30\/was-heisst-hier-alt-ich-bin-senior\/\">Senioren<\/a>, Best Ager aus der Generation 60plus und Menschen, die aus der Mitte der\u00a0Gesellschaft\u00a0kommen, die eine eigene Vorstellung \u00fcber\u00a0Werte\u00a0haben und die unser Land aufgebaut haben?<\/p>\n<p>Diese Fragen werden immer intensiver diskutiert. Und auch Sie haben sich sicherlich schon einmal die Frage gestellt, ob es f\u00fcr Sie als Best Ager interessant w\u00e4re, sich mehr politisch und auch gesellschaftlich zu engagieren.<\/p>\n<p>&nbsp;<\/p>\n<h3>Verschiedene Organisation machen es vor (zB Omas for future)<\/h3>\n<p>Wer sich mit den Themen Politik und Gesellschaft ein wenig auseinandersetzt, wird erkennen, dass es gar nicht so weit hergeholt ist, dass sich die \u00e4ltere Gesellschaft f\u00fcr Politik, Werte und das Leben im Allgemeinen einsetzt. Omas for future ist also keine Erfindung, die unbedingt neu ist. Denn wer wei\u00df es besser als die Senioren, wie man eine Zukunft, ein Land und eine Gesellschaft aufbaut?<\/p>\n<p>Es gibt viele andere Organisationen, in denen sich Senioren engagieren und die sich daf\u00fcr einsetzen, dass es in der\u00a0Gesellschaft\u00a0gerecht zugeht, dass die\u00a0Politik\u00a0auch die \u00e4ltere Generation ber\u00fccksichtigt und dass die\u00a0Werte\u00a0dieser Generation hochgehalten werden. Ein klassisches Beispiel daf\u00fcr sind die Aktionen &#8222;Omas gegen Rechts&#8220;. Hier engagieren sich Senioren aller Art gegen Rechtsextremismus. Ein wichtiger Punkt, der in der heutigen Zeit leider oft vergessen wird und sich aber immer weiter ausbreitet.<\/p>\n<p>Die \u00e4ltere Generation stammt aus einer Zeit, der ist nicht selbstverst\u00e4ndlich war, dass wir in Frieden und in Wohlstand leben. Entweder haben sie den Zweiten Weltkrieg noch miterlebt und das Regime kennengelernt oder sie sind in den Nachkriegsjahren geboren und wissen, welche Entbehrungen und steinigen Wege zu dieser Zeit hingenommen werden mussten.<\/p>\n<p>Die \u00e4ltere Generation pflegt somit besondere\u00a0Werte, die in unserer\u00a0Gesellschaft\u00a0zuletzt leider verloren gegangen sind. Sie sind sozial, wissen, warum beispielsweise ein Rechtsruck sehr schlecht ist und sie k\u00f6nnen aufkl\u00e4ren und daf\u00fcr sorgen, dass wieder mehr Menschen das Negative an rechtspopulistischen Aussagen erkennen.<\/p>\n<p>Warum nicht also auch\u00a0Omas for future\u00a0auf den Weg bringen? Eine Organisation, die sich um viele Themen k\u00fcmmert und die daf\u00fcr sorgt, dass die \u00e4ltere Generation angeh\u00f6rt wird, dass sie ber\u00fccksichtigt wird bei Entscheidungen und das sieht politisch wie auch gesellschaftlich mehr in den Fokus r\u00fcckt. Vielleicht ja auch, um Ihre Interessen zu vertreten?<\/p>\n<p>&nbsp;<\/p>\n<h3>Warum unsere\u00a0Gesellschaft\u00a0mehr politische und gesellschaftliche Verantwortung der Generation 60 plus guttun w\u00fcrde<\/h3>\n<p>Wir leben in einer Zeit, in der vieles selbstverst\u00e4ndlich ist. Ein Dach \u00fcber dem Kopf, ein gut gef\u00fcllter K\u00fchlschrank, Urlaubsreisen, ein Auto vor der T\u00fcr, ordentliche Kleidung und vieles mehr. Selbst Menschen, denen es vermeintlich schlecht geht, geht es in der heutigen Zeit eigentlich sehr gut.<\/p>\n<p>Auf jeden Fall im Vergleich zu fr\u00fcher und zu den Menschen, die in L\u00e4ndern mit einem schwachen Sozialsystem und viel Armut leben. Denn niemand muss auf der Stra\u00dfe leben, wenn er das nicht m\u00f6chte. Niemand muss hungern, wenn er sich an den Staat wendet und dort Hilfen beantragt und diese Hilfen auch in Anspruch nimmt.<\/p>\n<p>Das ist keine Selbstverst\u00e4ndlichkeit. Ein einfacher Blick \u00fcber die Landesgrenzen reicht aus um zu sehen, dass Deutschland als Sozialstaat sehr viel f\u00fcr seine Bev\u00f6lkerung macht. Doch viele vergessen das. Sie sehen diesen Sozialstaat nicht als solchen an, schimpfen und sind unzufrieden mit dem, was ihnen geboten wird.<\/p>\n<p>Hier tut es gut, wenn die Generation 60plus einfach mal erkl\u00e4rt, wie sie gelebt hat. Wie es war, als dieser Sozialstaat noch nicht existiert hat. Wie man mit Arbeit, mit Flei\u00df und mit Durchhalteverm\u00f6gen daf\u00fcr sorgen musste, dass ausreichend Essen auf den Tisch kommt.<\/p>\n<p>Die Generation <a href=\"https:\/\/www.rentner-news.de\/index.php\/2020\/05\/02\/ueber-aktive-senioren\/\">60plus<\/a> hat einen v\u00f6llig anderen Blickwinkel auf das Leben. Einerseits, weil sie bereits viel Lebenserfahrung hat und diese <a href=\"https:\/\/www.rentner-news.de\/index.php\/2020\/05\/09\/jobs-fuer-senioren-arbeiten-im-alter\/\">Lebenserfahrung<\/a> auch weiter tragen kann. Auf der anderen Seite aber auch, weil genau diese Generation deutlich sachlicher und verst\u00e4ndnisvoller an Aufgaben herangeht.<\/p>\n<p>Es braucht nicht nur junge und agile Menschen, die sich gesellschaftlich und politisch engagieren. Deutschland ist ein Land, das einen hohen Altersdurchschnitt hat. Und daher ist auch wichtig, dass die \u00e4ltere Generation angeh\u00f6rt und einbezogen wird.<\/p>\n<p>Wenn Sie sich politisch und gesellschaftlich engagieren m\u00f6chten, dann werden sie \u00fcberall M\u00f6glichkeiten finden. Das kann im kleinen Kreis passieren, sie k\u00f6nnen aber auch auf Landesebene aktiv werden. \u00dcberall wird Unterst\u00fctzung ben\u00f6tigt. Und jede Organisation freut sich, wenn sie tatkr\u00e4ftige Unterst\u00fctzung bekommt. Auch die Organisation\u00a0Omas for future.<\/p>\n<p>Es gibt\u00a0Werte, die in der heutigen Zeit verloren gegangen sind. Und es gibt Themen, die von der\u00a0Politik\u00a0nicht aufgegriffen werden. Themen, die die Generation 60plus betrifft. Diejenigen, die dieses wunderbaren Land zu dem gemacht haben, was es heute ist. Ein Land, in dem man gerne lebt und in dem man gut leben kann.<\/p>\n<p>&nbsp;<\/p>\n<h3>Engagement im Alter ist wichtig<\/h3>\n<p>Ob nun bei\u00a0Omas for future\u00a0oder in einer anderen Organisation &#8211; helfen Sie, das Leben noch besser zu machen. Gemeinsam mit Gleichgesinnten k\u00f6nnen Sie viel bewegen.<\/p>\n<p>Und nicht nur das. Sie treffen viele Menschen, lernen neue Menschen kennen und tun f\u00fcr sich und andere etwas Gutes. Es lohnt sich auf jeden Fall!<\/p>\n<p>&nbsp;<\/p>\n","protected":false},"excerpt":{"rendered":"<div class=\"mh-excerpt\"><p>Omas for Future: Warum wir mehr politisch und gesellschaftlich engagierte Omas und Opas brauchen Kommt nach FFF jetzt\u00a0Omas for future? Ist es sinnvoll, dass sich im Rahmen unserer\u00a0Politik\u00a0mehr \u00e4ltere Menschen engagieren? Senioren, Best Ager aus <a class=\"mh-excerpt-more\" href=\"https:\/\/www.rentner-news.de\/index.php\/2020\/05\/15\/omas-for-future-warum-wir-mehr-politisch-und-gesellschaftlich-engagierte-omas-und-opas-brauchen\/\" title=\"Omas for Future: Warum wir mehr politisch und gesellschaftlich engagierte Omas und Opas brauchen\">[hier geht\u00b4s weiter&#8230;]<\/a><\/p>\n<\/div>","protected":false},"author":7,"featured_media":2298,"comment_status":"closed","ping_status":"open","sticky":false,"template":"","format":"standard","meta":{"_bbp_topic_count":0,"_bbp_reply_count":0,"_bbp_total_topic_count":0,"_bbp_total_reply_count":0,"_bbp_voice_count":0,"_bbp_anonymous_reply_count":0,"_bbp_topic_count_hidden":0,"_bbp_reply_count_hidden":0,"_bbp_forum_subforum_count":0,"_monsterinsights_skip_tracking":false,"footnotes":""},"categories":[590,591],"tags":[662,174,623],"class_list":["post-2297","post","type-post","status-publish","format-standard","has-post-thumbnail","category-finanzen-politik","category-politisches-geschehen","tag-lebenserfahrung","tag-politik","tag-senioren"],"yoast_head":"<!-- This site is optimized with the Yoast SEO plugin v28.4 - https:\/\/yoast.com\/product\/yoast-seo-wordpress\/ -->\n<title>Omas for Future: Kommt nach FFF jetzt\u00a0Omas for future?<\/title>\n<meta name=\"description\" content=\"Omas for Future: Warum wir mehr politisch und gesellschaftlich engagierte Omas und Opas brauchen. Hier geht es zu unserem Beitrag.\" \/>\n<meta name=\"robots\" content=\"index, follow, max-snippet:-1, max-image-preview:large, max-video-preview:-1\" \/>\n<link rel=\"canonical\" href=\"https:\/\/www.rentner-news.de\/index.php\/2020\/05\/15\/omas-for-future-warum-wir-mehr-politisch-und-gesellschaftlich-engagierte-omas-und-opas-brauchen\/\" \/>\n<meta property=\"og:locale\" content=\"de_DE\" \/>\n<meta property=\"og:type\" content=\"article\" \/>\n<meta property=\"og:title\" content=\"Omas for Future: Kommt nach FFF jetzt\u00a0Omas for future?\" \/>\n<meta property=\"og:description\" content=\"Omas for Future: Warum wir mehr politisch und gesellschaftlich engagierte Omas und Opas brauchen. Hier geht es zu unserem Beitrag.\" \/>\n<meta property=\"og:url\" content=\"https:\/\/www.rentner-news.de\/index.php\/2020\/05\/15\/omas-for-future-warum-wir-mehr-politisch-und-gesellschaftlich-engagierte-omas-und-opas-brauchen\/\" \/>\n<meta property=\"og:site_name\" content=\"Rentner-News.de - 50 Plus Best Ager Senioren Nachrichten Tipps, Wissen,\" \/>\n<meta property=\"article:published_time\" content=\"2020-05-15T21:07:11+00:00\" \/>\n<meta property=\"article:modified_time\" content=\"2020-05-22T23:14:14+00:00\" \/>\n<meta property=\"og:image\" content=\"https:\/\/www.rentner-news.de\/wp-content\/uploads\/2020\/05\/bundestag-4468573_960_720.jpg\" \/>\n\t<meta property=\"og:image:width\" content=\"960\" \/>\n\t<meta property=\"og:image:height\" content=\"640\" \/>\n\t<meta property=\"og:image:type\" content=\"image\/jpeg\" \/>\n<meta name=\"author\" content=\"RentnerNews Redaktion\" \/>\n<meta name=\"twitter:card\" content=\"summary_large_image\" \/>\n<meta name=\"twitter:label1\" content=\"Verfasst von\" \/>\n\t<meta name=\"twitter:data1\" content=\"RentnerNews Redaktion\" \/>\n\t<meta name=\"twitter:label2\" content=\"Gesch\u00e4tzte Lesezeit\" \/>\n\t<meta name=\"twitter:data2\" content=\"4\u00a0Minuten\" \/>\n<!-- \/ Yoast SEO plugin. -->","yoast_head_json":{"title":"Omas for Future: Kommt nach FFF jetzt\u00a0Omas for future?","description":"Omas for Future: Warum wir mehr politisch und gesellschaftlich engagierte Omas und Opas brauchen. Hier geht es zu unserem Beitrag.","robots":{"index":"index","follow":"follow","max-snippet":"max-snippet:-1","max-image-preview":"max-image-preview:large","max-video-preview":"max-video-preview:-1"},"canonical":"https:\/\/www.rentner-news.de\/index.php\/2020\/05\/15\/omas-for-future-warum-wir-mehr-politisch-und-gesellschaftlich-engagierte-omas-und-opas-brauchen\/","og_locale":"de_DE","og_type":"article","og_title":"Omas for Future: Kommt nach FFF jetzt\u00a0Omas for future?","og_description":"Omas for Future: Warum wir mehr politisch und gesellschaftlich engagierte Omas und Opas brauchen. Hier geht es zu unserem Beitrag.","og_url":"https:\/\/www.rentner-news.de\/index.php\/2020\/05\/15\/omas-for-future-warum-wir-mehr-politisch-und-gesellschaftlich-engagierte-omas-und-opas-brauchen\/","og_site_name":"Rentner-News.de - 50 Plus Best Ager Senioren Nachrichten Tipps, Wissen,","article_published_time":"2020-05-15T21:07:11+00:00","article_modified_time":"2020-05-22T23:14:14+00:00","og_image":[{"width":960,"height":640,"url":"https:\/\/www.rentner-news.de\/wp-content\/uploads\/2020\/05\/bundestag-4468573_960_720.jpg","type":"image\/jpeg"}],"author":"RentnerNews Redaktion","twitter_card":"summary_large_image","twitter_misc":{"Verfasst von":"RentnerNews Redaktion","Gesch\u00e4tzte Lesezeit":"4\u00a0Minuten"},"schema":{"@context":"https:\/\/schema.org","@graph":[{"@type":"Article","@id":"https:\/\/www.rentner-news.de\/index.php\/2020\/05\/15\/omas-for-future-warum-wir-mehr-politisch-und-gesellschaftlich-engagierte-omas-und-opas-brauchen\/#article","isPartOf":{"@id":"https:\/\/www.rentner-news.de\/index.php\/2020\/05\/15\/omas-for-future-warum-wir-mehr-politisch-und-gesellschaftlich-engagierte-omas-und-opas-brauchen\/"},"author":{"name":"RentnerNews Redaktion","@id":"https:\/\/www.rentner-news.de\/#\/schema\/person\/24e64664697f18ee0a0ee442a954fe11"},"headline":"Omas for Future: Warum wir mehr politisch und gesellschaftlich engagierte Omas und Opas brauchen","datePublished":"2020-05-15T21:07:11+00:00","dateModified":"2020-05-22T23:14:14+00:00","mainEntityOfPage":{"@id":"https:\/\/www.rentner-news.de\/index.php\/2020\/05\/15\/omas-for-future-warum-wir-mehr-politisch-und-gesellschaftlich-engagierte-omas-und-opas-brauchen\/"},"wordCount":899,"publisher":{"@id":"https:\/\/www.rentner-news.de\/#organization"},"image":{"@id":"https:\/\/www.rentner-news.de\/index.php\/2020\/05\/15\/omas-for-future-warum-wir-mehr-politisch-und-gesellschaftlich-engagierte-omas-und-opas-brauchen\/#primaryimage"},"thumbnailUrl":"https:\/\/www.rentner-news.de\/wp-content\/uploads\/2020\/05\/bundestag-4468573_960_720.jpg","keywords":["Lebenserfahrung","Politik","Senioren"],"articleSection":["Finanzen &amp; Politik","Politisches Geschehen"],"inLanguage":"de"},{"@type":"WebPage","@id":"https:\/\/www.rentner-news.de\/index.php\/2020\/05\/15\/omas-for-future-warum-wir-mehr-politisch-und-gesellschaftlich-engagierte-omas-und-opas-brauchen\/","url":"https:\/\/www.rentner-news.de\/index.php\/2020\/05\/15\/omas-for-future-warum-wir-mehr-politisch-und-gesellschaftlich-engagierte-omas-und-opas-brauchen\/","name":"Omas for Future: Kommt nach FFF jetzt\u00a0Omas for future?","isPartOf":{"@id":"https:\/\/www.rentner-news.de\/#website"},"primaryImageOfPage":{"@id":"https:\/\/www.rentner-news.de\/index.php\/2020\/05\/15\/omas-for-future-warum-wir-mehr-politisch-und-gesellschaftlich-engagierte-omas-und-opas-brauchen\/#primaryimage"},"image":{"@id":"https:\/\/www.rentner-news.de\/index.php\/2020\/05\/15\/omas-for-future-warum-wir-mehr-politisch-und-gesellschaftlich-engagierte-omas-und-opas-brauchen\/#primaryimage"},"thumbnailUrl":"https:\/\/www.rentner-news.de\/wp-content\/uploads\/2020\/05\/bundestag-4468573_960_720.jpg","datePublished":"2020-05-15T21:07:11+00:00","dateModified":"2020-05-22T23:14:14+00:00","description":"Omas for Future: Warum wir mehr politisch und gesellschaftlich engagierte Omas und Opas brauchen. Hier geht es zu unserem Beitrag.","breadcrumb":{"@id":"https:\/\/www.rentner-news.de\/index.php\/2020\/05\/15\/omas-for-future-warum-wir-mehr-politisch-und-gesellschaftlich-engagierte-omas-und-opas-brauchen\/#breadcrumb"},"inLanguage":"de","potentialAction":[{"@type":"ReadAction","target":["https:\/\/www.rentner-news.de\/index.php\/2020\/05\/15\/omas-for-future-warum-wir-mehr-politisch-und-gesellschaftlich-engagierte-omas-und-opas-brauchen\/"]}]},{"@type":"ImageObject","inLanguage":"de","@id":"https:\/\/www.rentner-news.de\/index.php\/2020\/05\/15\/omas-for-future-warum-wir-mehr-politisch-und-gesellschaftlich-engagierte-omas-und-opas-brauchen\/#primaryimage","url":"https:\/\/www.rentner-news.de\/wp-content\/uploads\/2020\/05\/bundestag-4468573_960_720.jpg","contentUrl":"https:\/\/www.rentner-news.de\/wp-content\/uploads\/2020\/05\/bundestag-4468573_960_720.jpg","width":960,"height":640},{"@type":"BreadcrumbList","@id":"https:\/\/www.rentner-news.de\/index.php\/2020\/05\/15\/omas-for-future-warum-wir-mehr-politisch-und-gesellschaftlich-engagierte-omas-und-opas-brauchen\/#breadcrumb","itemListElement":[{"@type":"ListItem","position":1,"name":"Startseite","item":"https:\/\/www.rentner-news.de\/"},{"@type":"ListItem","position":2,"name":"Omas for Future: Warum wir mehr politisch und gesellschaftlich engagierte Omas und Opas brauchen"}]},{"@type":"WebSite","@id":"https:\/\/www.rentner-news.de\/#website","url":"https:\/\/www.rentner-news.de\/","name":"Rentner-News.de - 50 Plus Best Ager Senioren Nachrichten Tipps, Wissen,","description":"Deine Plattform f\u00fcr das Leben nach dem Arbeitsleben","publisher":{"@id":"https:\/\/www.rentner-news.de\/#organization"},"potentialAction":[{"@type":"SearchAction","target":{"@type":"EntryPoint","urlTemplate":"https:\/\/www.rentner-news.de\/?s={search_term_string}"},"query-input":{"@type":"PropertyValueSpecification","valueRequired":true,"valueName":"search_term_string"}}],"inLanguage":"de"},{"@type":"Organization","@id":"https:\/\/www.rentner-news.de\/#organization","name":"Rentner-News II bo mediaconsult","url":"https:\/\/www.rentner-news.de\/","logo":{"@type":"ImageObject","inLanguage":"de","@id":"https:\/\/www.rentner-news.de\/#\/schema\/logo\/image\/","url":"https:\/\/www.rentner-news.de\/wp-content\/uploads\/2020\/03\/400dpiLogoCropped-e1585256440346.png","contentUrl":"https:\/\/www.rentner-news.de\/wp-content\/uploads\/2020\/03\/400dpiLogoCropped-e1585256440346.png","width":280,"height":105,"caption":"Rentner-News II bo mediaconsult"},"image":{"@id":"https:\/\/www.rentner-news.de\/#\/schema\/logo\/image\/"}},{"@type":"Person","@id":"https:\/\/www.rentner-news.de\/#\/schema\/person\/24e64664697f18ee0a0ee442a954fe11","name":"RentnerNews Redaktion","image":{"@type":"ImageObject","inLanguage":"de","@id":"https:\/\/secure.gravatar.com\/avatar\/8982cdf7e5e37386dd0ded18ddec7e245dc0eb2b09245d59d28f8e77f667ea1f?s=96&d=mm&r=g","url":"https:\/\/secure.gravatar.com\/avatar\/8982cdf7e5e37386dd0ded18ddec7e245dc0eb2b09245d59d28f8e77f667ea1f?s=96&d=mm&r=g","contentUrl":"https:\/\/secure.gravatar.com\/avatar\/8982cdf7e5e37386dd0ded18ddec7e245dc0eb2b09245d59d28f8e77f667ea1f?s=96&d=mm&r=g","caption":"RentnerNews Redaktion"},"url":"https:\/\/www.rentner-news.de\/index.php\/author\/rentnernews-redaktion\/"}]}},"_links":{"self":[{"href":"https:\/\/www.rentner-news.de\/index.php\/wp-json\/wp\/v2\/posts\/2297","targetHints":{"allow":["GET"]}}],"collection":[{"href":"https:\/\/www.rentner-news.de\/index.php\/wp-json\/wp\/v2\/posts"}],"about":[{"href":"https:\/\/www.rentner-news.de\/index.php\/wp-json\/wp\/v2\/types\/post"}],"author":[{"embeddable":true,"href":"https:\/\/www.rentner-news.de\/index.php\/wp-json\/wp\/v2\/users\/7"}],"replies":[{"embeddable":true,"href":"https:\/\/www.rentner-news.de\/index.php\/wp-json\/wp\/v2\/comments?post=2297"}],"version-history":[{"count":0,"href":"https:\/\/www.rentner-news.de\/index.php\/wp-json\/wp\/v2\/posts\/2297\/revisions"}],"wp:featuredmedia":[{"embeddable":true,"href":"https:\/\/www.rentner-news.de\/index.php\/wp-json\/wp\/v2\/media\/2298"}],"wp:attachment":[{"href":"https:\/\/www.rentner-news.de\/index.php\/wp-json\/wp\/v2\/media?parent=2297"}],"wp:term":[{"taxonomy":"category","embeddable":true,"href":"https:\/\/www.rentner-news.de\/index.php\/wp-json\/wp\/v2\/categories?post=2297"},{"taxonomy":"post_tag","embeddable":true,"href":"https:\/\/www.rentner-news.de\/index.php\/wp-json\/wp\/v2\/tags?post=2297"}],"curies":[{"name":"wp","href":"https:\/\/api.w.org\/{rel}","templated":true}]}}