{"id":3196,"date":"2022-01-18T16:51:34","date_gmt":"2022-01-18T15:51:34","guid":{"rendered":"https:\/\/www.rentner-news.de\/?p=3196"},"modified":"2022-01-18T19:15:36","modified_gmt":"2022-01-18T18:15:36","slug":"selbstbestimmtheit-und-mobilitaet-im-alter-foerdern","status":"publish","type":"post","link":"https:\/\/www.rentner-news.de\/index.php\/2022\/01\/18\/selbstbestimmtheit-und-mobilitaet-im-alter-foerdern\/","title":{"rendered":"Selbstbestimmtheit und Mobilit\u00e4t im Alter f\u00f6rdern"},"content":{"rendered":"<h2><b>Selbstbestimmtheit und Mobilit\u00e4t im Alter f\u00f6rdern<\/b><\/h2>\n<p>Mit zunehmendem Alter kann es Senioren schwerer fallen, Mobilit\u00e4t aufrechtzuerhalten. Bewegung ist die Voraussetzung f\u00fcr ein selbstst\u00e4ndiges und selbstbestimmtes Leben. Sie erm\u00f6glicht die Teilhabe am sozialen Miteinander, f\u00f6rdert die psychische <a href=\"https:\/\/www.rentner-news.de\/index.php\/tag\/gesundheit\/\">Gesundheit<\/a> und st\u00e4rkt den Organismus. Ver\u00e4nderte k\u00f6rperliche Bedingungen erschweren Bewegung im Alltag oder machen sie unm\u00f6glich. In solchen F\u00e4llen ist es notwendig, Mobilit\u00e4t zu f\u00f6rdern und aufrechtzuerhalten. Alltagshelfer erleichtern das Leben im gehobenen Alter und erm\u00f6glichen einen mobilen und selbstbestimmten Alltag.<\/p>\n<h3>Bewegung im Alter f\u00f6rdern und Gefahren vermeiden<\/h3>\n<p>Mit eingeschr\u00e4nkter Beweglichkeit steigt die Sturzgefahr. In den eigenen vier W\u00e4nden tragen Hilfsmittel dazu bei, das Verletzungsrisiko zu senken. Erkrankungen und Gangunsicherheiten k\u00f6nnen auf Treppen zu Unf\u00e4llen f\u00fchren. <a href=\"https:\/\/handicare-treppenlifte.de\/\">Handicare-Treppenlifte<\/a> schaffen in diesen F\u00e4llen Abhilfe. Durch den Einbau eines Treppenlifts im Innenbereich ist es m\u00f6glich, sich weiterhin sicher und selbstbestimmt im Haus bewegen zu k\u00f6nnen. Ein Treppenlift au\u00dfen erm\u00f6glicht einen barrierefreien Zugang zum Garten. Das f\u00f6rdert die Beweglichkeit und eine selbstbestimmte Freizeitgestaltung. Treppenlifte sind individuell an die Bed\u00fcrfnisse des Nutzers angepasst.<span class=\"Apple-converted-space\">\u00a0<\/span><\/p>\n<p>F\u00fcr jede Treppe und jeden Bedarf findet sich ein passender Treppenlift. Senioren gelangen auf diese Weise sicher von einem Stockwerk ins andere. Die Bewegung im Alltag ist weiterhin m\u00f6glich, ohne Angst vor St\u00fcrzen oder einem eingeschr\u00e4nkten Bewegungsradius. Ein <a href=\"https:\/\/handicare-treppenlifte.de\/modelle\/treppenlift-aussen\/\">Treppenlift au\u00dfen<\/a> ist widerstandsf\u00e4hig und auch bei kurvenreichen Treppen einbaubar. Treppenlifte von Handicare sind f\u00fcr einen komfortablen und sicheren Gebrauch ausgestattet. Alle Modelle verf\u00fcgen \u00fcber Sicherheitsgurte und Fu\u00dfst\u00fctzen. Die Treppenlifte sind pflegeleicht und langlebig.<\/p>\n<h3>Bewegungsf\u00f6rderung im Alltag<\/h3>\n<p>Nicht nur die k\u00f6rperlichen Voraussetzungen f\u00fcr einen aktiven Alltag schwinden zunehmend, sondern auch die Motivation. Aus diesem Grund ist es notwendig, Anreize f\u00fcr einen bewegten Alltag zu schaffen. Bei jeglichen Aktivit\u00e4ten muss stets die <a href=\"https:\/\/www.rentner-news.de\/index.php\/2025\/05\/15\/sicher-unterwegs-wie-moderne-notrufsysteme-senioren-auch-ausserhalb-der-wohnung-schuetzen\/\">Sicherheit<\/a> gew\u00e4hrleistet werden. Ein <a href=\"https:\/\/www.rentner-news.de\/index.php\/tag\/rollator\/\">Rollator<\/a> eignet sich als Hilfsmittel im Alltag. Er hat vielerlei Vorteile. Ein Rollator kann sowohl im Innen- als auch im Au\u00dfenbereich genutzt werden. Rollatoren sind h\u00f6henverstellbar und k\u00f6nnen an die Gr\u00f6\u00dfe des Nutzers angepasst werden. Sie sind leicht und einfach in der Handhabung. Au\u00dferdem bieten sie jederzeit die M\u00f6glichkeit zum Sitzen. Dadurch k\u00f6nnen sich Senioren je nach Bedarf ausruhen und \u00dcberanstrengung vermeiden. Das schenkt Selbstvertrauen in die eigenen F\u00e4higkeiten und f\u00f6rdert Mobilit\u00e4t.<\/p>\n<h3>Mehr Mobilit\u00e4t durch das passende Umfeld<\/h3>\n<p>Einige Barrieren k\u00f6nnen Senioren in ihren Bewegungsm\u00f6glichkeiten einschr\u00e4nken. Im gehobenen Alter kann dies dazu f\u00fchren, dass sie sich in die h\u00e4usliche Umgebung zur\u00fcckziehen. Der soziale R\u00fcckzug kann gravierende Folgen auf den physischen und psychischen Zustand eines Menschen haben. Daher gilt es, das Umfeld eines Senioren so zu gestalten, dass Bewegung im Alltag m\u00f6glich bleibt. In jedem Fall gilt es, die Barrierefreiheit zu gew\u00e4hrleisten. So k\u00f6nnen sich Menschen auch im h\u00f6heren Alter selbstbestimmt bewegen. Regelm\u00e4\u00dfige <a href=\"https:\/\/www.aok.de\/pk\/magazin\/sport\/fit-im-alter\/die-besten-sportarten-fuer-senioren\/\" target=\"_blank\" rel=\"noopener\">k\u00f6rperliche Aktivit\u00e4ten halten Senioren mobil<\/a> und beugen Erkrankungen vor. Bewegung baut Stress ab und ist gesundheitsf\u00f6rdernd. Au\u00dferdem k\u00f6nnen zwischenmenschliche Beziehungen dank Mobilit\u00e4t weiterhin gepflegt werden. Das ist notwendig f\u00fcr einen ausgeglichenen psychischen Zustand. Spazierg\u00e4nge mit anderen Menschen f\u00f6rdern die Motivation und erh\u00f6hen die Freude an Bewegung. Mobilit\u00e4t sollte auch im Alter Spa\u00df machen. Daher ist es notwendig, dass sie sorgenfrei und risikoarm vonstattengehen kann. Schon kleine Ver\u00e4nderungen k\u00f6nnen zu einer neuen, gesundheitsf\u00f6rdernden Routine im Alltag f\u00fchren. Ein Treppenlift kann den Aufenthalt im Freien f\u00f6rdern. Dadurch k\u00f6nnen die Grundlagen f\u00fcr mehr Bewegung im Alltag, durch das Erm\u00f6glichen regelm\u00e4\u00dfiger Spazierg\u00e4nge oder von Arbeiten im Garten, gelegt werden.<\/p>\n<p>Mobilit\u00e4t ist auch im gehobenen Alter ein wichtiges Thema. Bewegung kann durch eine geeignete Routine und die n\u00f6tigen Hilfsmittel psychische und physische <a href=\"https:\/\/www.rentner-news.de\/index.php\/2024\/04\/18\/natuerliche-heilkraft-effektive-hausmittel-gegen-zahlreiche-beschwerden\/\">Gesundheit<\/a> erhalten und f\u00f6rdern. Ein Treppenlift im Innen- oder Au\u00dfenbereich senkt die Sturzgefahr und bewahrt die M\u00f6glichkeit sich weiterhin im Haus und auch im Au\u00dfenbereich nach Lust und Laune aufzuhalten. Mit der richtigen Gesellschaft steigt die Motivation, sich im Alltag zu bewegen und Beziehungen zu pflegen. L\u00e4sst die k\u00f6rperliche Kraft nach, so kann ein Rollator unterst\u00fctzend eingesetzt werden. Spazierg\u00e4nge sind mit einem Rollator kein Problem, denn man kann sich jederzeit zum Ausruhen hinsetzen und weiterhin gewohnten Abl\u00e4ufen nachgehen. So ist selbst einkaufen weiterhin m\u00f6glich. Mobilit\u00e4t wahrt Selbstbestimmtheit und Gesundheit im Alter.<\/p>\n","protected":false},"excerpt":{"rendered":"<div class=\"mh-excerpt\"><p>Selbstbestimmtheit und Mobilit\u00e4t im Alter f\u00f6rdern Mit zunehmendem Alter kann es Senioren schwerer fallen, Mobilit\u00e4t aufrechtzuerhalten. Bewegung ist die Voraussetzung f\u00fcr ein selbstst\u00e4ndiges und selbstbestimmtes Leben. Sie erm\u00f6glicht die Teilhabe am sozialen Miteinander, f\u00f6rdert die <a class=\"mh-excerpt-more\" href=\"https:\/\/www.rentner-news.de\/index.php\/2022\/01\/18\/selbstbestimmtheit-und-mobilitaet-im-alter-foerdern\/\" title=\"Selbstbestimmtheit und Mobilit\u00e4t im Alter f\u00f6rdern\">[hier geht\u00b4s weiter&#8230;]<\/a><\/p>\n<\/div>","protected":false},"author":7,"featured_media":3197,"comment_status":"closed","ping_status":"open","sticky":false,"template":"","format":"standard","meta":{"_bbp_topic_count":0,"_bbp_reply_count":0,"_bbp_total_topic_count":0,"_bbp_total_reply_count":0,"_bbp_voice_count":0,"_bbp_anonymous_reply_count":0,"_bbp_topic_count_hidden":0,"_bbp_reply_count_hidden":0,"_bbp_forum_subforum_count":0,"_monsterinsights_skip_tracking":false,"_monsterinsights_sitenote_active":false,"_monsterinsights_sitenote_note":"","_monsterinsights_sitenote_category":0,"footnotes":""},"categories":[564],"tags":[708,651,891,623],"class_list":{"0":"post-3196","1":"post","2":"type-post","3":"status-publish","4":"format-standard","5":"has-post-thumbnail","7":"category-mobilitaet","8":"tag-handicap","9":"tag-mobilitaet","10":"tag-selbstbestimmtheit","11":"tag-senioren"},"yoast_head":"<!-- This site is optimized with the Yoast SEO plugin v27.2 - https:\/\/yoast.com\/product\/yoast-seo-wordpress\/ -->\n<title>Selbstbestimmtheit und Mobilit\u00e4t im Alter f\u00f6rdern<\/title>\n<meta name=\"description\" content=\"Bewegung ist die Voraussetzung f\u00fcr ein selbstst\u00e4ndiges und selbstbestimmtes Leben. Sie erm\u00f6glicht die Teilhabe am sozialen Miteinander.\" \/>\n<meta name=\"robots\" content=\"index, follow, max-snippet:-1, max-image-preview:large, max-video-preview:-1\" \/>\n<link rel=\"canonical\" href=\"https:\/\/www.rentner-news.de\/index.php\/2022\/01\/18\/selbstbestimmtheit-und-mobilitaet-im-alter-foerdern\/\" \/>\n<meta property=\"og:locale\" content=\"de_DE\" \/>\n<meta property=\"og:type\" content=\"article\" \/>\n<meta property=\"og:title\" content=\"Selbstbestimmtheit und Mobilit\u00e4t im Alter f\u00f6rdern\" \/>\n<meta property=\"og:description\" content=\"Bewegung ist die Voraussetzung f\u00fcr ein selbstst\u00e4ndiges und selbstbestimmtes Leben. Sie erm\u00f6glicht die Teilhabe am sozialen Miteinander.\" \/>\n<meta property=\"og:url\" content=\"https:\/\/www.rentner-news.de\/index.php\/2022\/01\/18\/selbstbestimmtheit-und-mobilitaet-im-alter-foerdern\/\" \/>\n<meta property=\"og:site_name\" content=\"Rentner-News.de - 50 Plus Best Ager Senioren Nachrichten Tipps, Wissen,\" \/>\n<meta property=\"article:published_time\" content=\"2022-01-18T15:51:34+00:00\" \/>\n<meta property=\"article:modified_time\" content=\"2022-01-18T18:15:36+00:00\" \/>\n<meta property=\"og:image\" content=\"https:\/\/www.rentner-news.de\/wp-content\/uploads\/2022\/01\/Bild-149.jpg\" \/>\n\t<meta property=\"og:image:width\" content=\"800\" \/>\n\t<meta property=\"og:image:height\" content=\"600\" \/>\n\t<meta property=\"og:image:type\" content=\"image\/jpeg\" \/>\n<meta name=\"author\" content=\"RentnerNews Redaktion\" \/>\n<meta name=\"twitter:card\" content=\"summary_large_image\" \/>\n<meta name=\"twitter:label1\" content=\"Verfasst von\" \/>\n\t<meta name=\"twitter:data1\" content=\"RentnerNews Redaktion\" \/>\n\t<meta name=\"twitter:label2\" content=\"Gesch\u00e4tzte Lesezeit\" \/>\n\t<meta name=\"twitter:data2\" content=\"4\u00a0Minuten\" \/>\n<!-- \/ Yoast SEO plugin. -->","yoast_head_json":{"title":"Selbstbestimmtheit und Mobilit\u00e4t im Alter f\u00f6rdern","description":"Bewegung ist die Voraussetzung f\u00fcr ein selbstst\u00e4ndiges und selbstbestimmtes Leben. Sie erm\u00f6glicht die Teilhabe am sozialen Miteinander.","robots":{"index":"index","follow":"follow","max-snippet":"max-snippet:-1","max-image-preview":"max-image-preview:large","max-video-preview":"max-video-preview:-1"},"canonical":"https:\/\/www.rentner-news.de\/index.php\/2022\/01\/18\/selbstbestimmtheit-und-mobilitaet-im-alter-foerdern\/","og_locale":"de_DE","og_type":"article","og_title":"Selbstbestimmtheit und Mobilit\u00e4t im Alter f\u00f6rdern","og_description":"Bewegung ist die Voraussetzung f\u00fcr ein selbstst\u00e4ndiges und selbstbestimmtes Leben. Sie erm\u00f6glicht die Teilhabe am sozialen Miteinander.","og_url":"https:\/\/www.rentner-news.de\/index.php\/2022\/01\/18\/selbstbestimmtheit-und-mobilitaet-im-alter-foerdern\/","og_site_name":"Rentner-News.de - 50 Plus Best Ager Senioren Nachrichten Tipps, Wissen,","article_published_time":"2022-01-18T15:51:34+00:00","article_modified_time":"2022-01-18T18:15:36+00:00","og_image":[{"width":800,"height":600,"url":"https:\/\/www.rentner-news.de\/wp-content\/uploads\/2022\/01\/Bild-149.jpg","type":"image\/jpeg"}],"author":"RentnerNews Redaktion","twitter_card":"summary_large_image","twitter_misc":{"Verfasst von":"RentnerNews Redaktion","Gesch\u00e4tzte Lesezeit":"4\u00a0Minuten"},"schema":{"@context":"https:\/\/schema.org","@graph":[{"@type":"Article","@id":"https:\/\/www.rentner-news.de\/index.php\/2022\/01\/18\/selbstbestimmtheit-und-mobilitaet-im-alter-foerdern\/#article","isPartOf":{"@id":"https:\/\/www.rentner-news.de\/index.php\/2022\/01\/18\/selbstbestimmtheit-und-mobilitaet-im-alter-foerdern\/"},"author":{"name":"RentnerNews Redaktion","@id":"https:\/\/www.rentner-news.de\/#\/schema\/person\/24e64664697f18ee0a0ee442a954fe11"},"headline":"Selbstbestimmtheit und Mobilit\u00e4t im Alter f\u00f6rdern","datePublished":"2022-01-18T15:51:34+00:00","dateModified":"2022-01-18T18:15:36+00:00","mainEntityOfPage":{"@id":"https:\/\/www.rentner-news.de\/index.php\/2022\/01\/18\/selbstbestimmtheit-und-mobilitaet-im-alter-foerdern\/"},"wordCount":756,"publisher":{"@id":"https:\/\/www.rentner-news.de\/#organization"},"image":{"@id":"https:\/\/www.rentner-news.de\/index.php\/2022\/01\/18\/selbstbestimmtheit-und-mobilitaet-im-alter-foerdern\/#primaryimage"},"thumbnailUrl":"https:\/\/www.rentner-news.de\/wp-content\/uploads\/2022\/01\/Bild-149.jpg","keywords":["Handicap","Mobilit\u00e4t","Selbstbestimmtheit","Senioren"],"articleSection":["Mobilit\u00e4t"],"inLanguage":"de"},{"@type":"WebPage","@id":"https:\/\/www.rentner-news.de\/index.php\/2022\/01\/18\/selbstbestimmtheit-und-mobilitaet-im-alter-foerdern\/","url":"https:\/\/www.rentner-news.de\/index.php\/2022\/01\/18\/selbstbestimmtheit-und-mobilitaet-im-alter-foerdern\/","name":"Selbstbestimmtheit und Mobilit\u00e4t im Alter f\u00f6rdern","isPartOf":{"@id":"https:\/\/www.rentner-news.de\/#website"},"primaryImageOfPage":{"@id":"https:\/\/www.rentner-news.de\/index.php\/2022\/01\/18\/selbstbestimmtheit-und-mobilitaet-im-alter-foerdern\/#primaryimage"},"image":{"@id":"https:\/\/www.rentner-news.de\/index.php\/2022\/01\/18\/selbstbestimmtheit-und-mobilitaet-im-alter-foerdern\/#primaryimage"},"thumbnailUrl":"https:\/\/www.rentner-news.de\/wp-content\/uploads\/2022\/01\/Bild-149.jpg","datePublished":"2022-01-18T15:51:34+00:00","dateModified":"2022-01-18T18:15:36+00:00","description":"Bewegung ist die Voraussetzung f\u00fcr ein selbstst\u00e4ndiges und selbstbestimmtes Leben. Sie erm\u00f6glicht die Teilhabe am sozialen Miteinander.","breadcrumb":{"@id":"https:\/\/www.rentner-news.de\/index.php\/2022\/01\/18\/selbstbestimmtheit-und-mobilitaet-im-alter-foerdern\/#breadcrumb"},"inLanguage":"de","potentialAction":[{"@type":"ReadAction","target":["https:\/\/www.rentner-news.de\/index.php\/2022\/01\/18\/selbstbestimmtheit-und-mobilitaet-im-alter-foerdern\/"]}]},{"@type":"ImageObject","inLanguage":"de","@id":"https:\/\/www.rentner-news.de\/index.php\/2022\/01\/18\/selbstbestimmtheit-und-mobilitaet-im-alter-foerdern\/#primaryimage","url":"https:\/\/www.rentner-news.de\/wp-content\/uploads\/2022\/01\/Bild-149.jpg","contentUrl":"https:\/\/www.rentner-news.de\/wp-content\/uploads\/2022\/01\/Bild-149.jpg","width":800,"height":600,"caption":"Selbstbestimmtheit und Mobilit\u00e4t im Alter f\u00f6rdern"},{"@type":"BreadcrumbList","@id":"https:\/\/www.rentner-news.de\/index.php\/2022\/01\/18\/selbstbestimmtheit-und-mobilitaet-im-alter-foerdern\/#breadcrumb","itemListElement":[{"@type":"ListItem","position":1,"name":"Startseite","item":"https:\/\/www.rentner-news.de\/"},{"@type":"ListItem","position":2,"name":"Selbstbestimmtheit und Mobilit\u00e4t im Alter f\u00f6rdern"}]},{"@type":"WebSite","@id":"https:\/\/www.rentner-news.de\/#website","url":"https:\/\/www.rentner-news.de\/","name":"Rentner-News.de - 50 Plus Best Ager Senioren Nachrichten Tipps, Wissen,","description":"Deine Plattform f\u00fcr das Leben nach dem Arbeitsleben","publisher":{"@id":"https:\/\/www.rentner-news.de\/#organization"},"potentialAction":[{"@type":"SearchAction","target":{"@type":"EntryPoint","urlTemplate":"https:\/\/www.rentner-news.de\/?s={search_term_string}"},"query-input":{"@type":"PropertyValueSpecification","valueRequired":true,"valueName":"search_term_string"}}],"inLanguage":"de"},{"@type":"Organization","@id":"https:\/\/www.rentner-news.de\/#organization","name":"Rentner-News II bo mediaconsult","url":"https:\/\/www.rentner-news.de\/","logo":{"@type":"ImageObject","inLanguage":"de","@id":"https:\/\/www.rentner-news.de\/#\/schema\/logo\/image\/","url":"https:\/\/www.rentner-news.de\/wp-content\/uploads\/2020\/03\/400dpiLogoCropped-e1585256440346.png","contentUrl":"https:\/\/www.rentner-news.de\/wp-content\/uploads\/2020\/03\/400dpiLogoCropped-e1585256440346.png","width":280,"height":105,"caption":"Rentner-News II bo mediaconsult"},"image":{"@id":"https:\/\/www.rentner-news.de\/#\/schema\/logo\/image\/"}},{"@type":"Person","@id":"https:\/\/www.rentner-news.de\/#\/schema\/person\/24e64664697f18ee0a0ee442a954fe11","name":"RentnerNews Redaktion","image":{"@type":"ImageObject","inLanguage":"de","@id":"https:\/\/secure.gravatar.com\/avatar\/8982cdf7e5e37386dd0ded18ddec7e245dc0eb2b09245d59d28f8e77f667ea1f?s=96&d=mm&r=g","url":"https:\/\/secure.gravatar.com\/avatar\/8982cdf7e5e37386dd0ded18ddec7e245dc0eb2b09245d59d28f8e77f667ea1f?s=96&d=mm&r=g","contentUrl":"https:\/\/secure.gravatar.com\/avatar\/8982cdf7e5e37386dd0ded18ddec7e245dc0eb2b09245d59d28f8e77f667ea1f?s=96&d=mm&r=g","caption":"RentnerNews Redaktion"},"url":"https:\/\/www.rentner-news.de\/index.php\/author\/rentnernews-redaktion\/"}]}},"_links":{"self":[{"href":"https:\/\/www.rentner-news.de\/index.php\/wp-json\/wp\/v2\/posts\/3196","targetHints":{"allow":["GET"]}}],"collection":[{"href":"https:\/\/www.rentner-news.de\/index.php\/wp-json\/wp\/v2\/posts"}],"about":[{"href":"https:\/\/www.rentner-news.de\/index.php\/wp-json\/wp\/v2\/types\/post"}],"author":[{"embeddable":true,"href":"https:\/\/www.rentner-news.de\/index.php\/wp-json\/wp\/v2\/users\/7"}],"replies":[{"embeddable":true,"href":"https:\/\/www.rentner-news.de\/index.php\/wp-json\/wp\/v2\/comments?post=3196"}],"version-history":[{"count":0,"href":"https:\/\/www.rentner-news.de\/index.php\/wp-json\/wp\/v2\/posts\/3196\/revisions"}],"wp:featuredmedia":[{"embeddable":true,"href":"https:\/\/www.rentner-news.de\/index.php\/wp-json\/wp\/v2\/media\/3197"}],"wp:attachment":[{"href":"https:\/\/www.rentner-news.de\/index.php\/wp-json\/wp\/v2\/media?parent=3196"}],"wp:term":[{"taxonomy":"category","embeddable":true,"href":"https:\/\/www.rentner-news.de\/index.php\/wp-json\/wp\/v2\/categories?post=3196"},{"taxonomy":"post_tag","embeddable":true,"href":"https:\/\/www.rentner-news.de\/index.php\/wp-json\/wp\/v2\/tags?post=3196"}],"curies":[{"name":"wp","href":"https:\/\/api.w.org\/{rel}","templated":true}]}}